{"id":945,"date":"2021-02-16T19:50:59","date_gmt":"2021-02-16T19:50:59","guid":{"rendered":"https:\/\/mb-advogados.pt\/?p=945"},"modified":"2021-02-16T19:50:59","modified_gmt":"2021-02-16T19:50:59","slug":"recolher-obrigatorio-na-madeira-preciso-de-uma-declaracao-para-ir-trabalhar","status":"publish","type":"post","link":"https:\/\/mb-advogados.pt\/en\/recolher-obrigatorio-na-madeira-preciso-de-uma-declaracao-para-ir-trabalhar\/","title":{"rendered":"Recolher obrigat\u00f3rio na Madeira: preciso de uma declara\u00e7\u00e3o para ir trabalhar?"},"content":{"rendered":"<p>Na Madeira, o Governo Regional decretou a proibi\u00e7\u00e3o de circula\u00e7\u00e3o na via p\u00fablica, em todo o territ\u00f3rio, no per\u00edodo compreendido entre o dia 15 e o dia 19 de fevereiro de 2021, entre as 18 horas e as 5 horas do dia seguinte. Por outro lado, ap\u00f3s o dia 19 de Fevereiro, voltar\u00e1 a vigorar na Regi\u00e3o a anterior resolu\u00e7\u00e3o que permite a circula\u00e7\u00e3o at\u00e9 \u00e0s 19h, durante a semana, mantendo-se o limite das 18h para s\u00e1bado e domingo.<\/p>\n<p>Apesar das restri\u00e7\u00f5es impostas, est\u00e1 previsto um conjunto de exce\u00e7\u00f5es \u00e0 regra geral de recolher obrigat\u00f3rio, nomeadamente quando estiverem em causa desloca\u00e7\u00f5es profissionais, sejam elas relacionadas com os estabelecimentos que continuam abertos ou por se tratarem de atividades tidas como essenciais.<\/p>\n<p>Assim sendo, caso seja trabalhador por conta de outrem ou trabalhador independente, a declara\u00e7\u00e3o de circula\u00e7\u00e3o \u00e9 necess\u00e1ria para comprovar que, apesar do recolher obrigat\u00f3rio, est\u00e1 autorizado a circular na via p\u00fablica. Na Madeira, fora do hor\u00e1rio de recolher, n\u00e3o \u00e9 necess\u00e1ria qualquer declara\u00e7\u00e3o para trabalhar ou circular.<\/p>\n<p>Por fim, deixamos abaixo uma minuta de declara\u00e7\u00e3o:<\/p>\n<p style=\"text-align: center;\"><em>&#8220;DECLARA\u00c7\u00c3O PARA CIRCULA\u00c7\u00c3O<\/em><\/p>\n<p><em>(nome da empresa), sociedade comercial com o capital social de ______ \u20ac (______ euros), com o n\u00famero \u00fanico de matr\u00edcula e de pessoa coletiva _________, com sede \u00e0 ____________, (c\u00f3digo postal), aqui representada pelo seu gerente (nome do gerente), com poderes para o ato, vem declarar o seguinte:<\/em><\/p>\n<p><em>a) A DECLARANTE dedica-se \u00e0 atividade de ___________;<\/em><\/p>\n<p><em>b) As instala\u00e7\u00f5es da DECLARANTE n\u00e3o se encontram encerradas, nem a sua atividade se encontra suspensa por for\u00e7a da Resolu\u00e7\u00e3o n.\u00ba 19\/2021 do Governo Regional da Madeira ou por qualquer outra resolu\u00e7\u00e3o aplic\u00e1vel;<\/em><\/p>\n<p><em>c) (nome do trabalhador), titular do cart\u00e3o do cidad\u00e3o com o n\u00famero ________, v\u00e1lido at\u00e9 _____, NIF ______________ , residente \u00e0 __________________, \u00e9 trabalhador da DECLARANTE, prestando o seu trabalho no estabelecimento localizado na ________________, nos dias \u00fateis, desempenhando as fun\u00e7\u00f5es inerentes \u00e0 categoria profissional de _____________;<\/em><\/p>\n<p><em>d) Para o exerc\u00edcio das suas fun\u00e7\u00f5es, o trabalhador tem necessariamente de deslocar-se \u00e0s instala\u00e7\u00f5es de diversos clientes, fornecedores e outras entidades, o que o obriga a, durante o hor\u00e1rio de recolher obrigat\u00f3rio em vigor na Regi\u00e3o Aut\u00f3noma da Madeira, circular na via p\u00fablica;<\/em><\/p>\n<p><em>A presente declara\u00e7\u00e3o \u00e9 emitida pela DECLARANTE a fim de legitimar a circula\u00e7\u00e3o na via p\u00fablica do trabalhador supra identificado, para o exerc\u00edcio da sua atividade profissional, nas desloca\u00e7\u00f5es para o seu local de trabalho, no desempenho das suas fun\u00e7\u00f5es e de regresso \u00e0 sua resid\u00eancia, as quais s\u00e3o legalmente admiss\u00edveis nos termos do disposto no Artigo 3\u00ba al. a) da Resolu\u00e7\u00e3o 19\/2021 da Presid\u00eancia do Governo Regional da Madeira.<\/em><\/p>\n<p><em>Funchal, (dia) de (m\u00eas) de (ano),&#8221;<\/em><\/p>","protected":false},"excerpt":{"rendered":"<p>Na Madeira, o Governo Regional decretou a proibi\u00e7\u00e3o de circula\u00e7\u00e3o na via p\u00fablica, em todo o territ\u00f3rio, no per\u00edodo compreendido entre o dia 15 e o dia 19 de fevereiro de 2021, entre as 18 horas e as 5 horas do dia seguinte. Por outro lado, ap\u00f3s o dia 19 de Fevereiro, voltar\u00e1 a vigorar [&hellip;]<\/p>","protected":false},"author":2,"featured_media":946,"comment_status":"closed","ping_status":"closed","sticky":false,"template":"","format":"standard","meta":{"_et_pb_use_builder":"","_et_pb_old_content":"","_et_gb_content_width":"","_jetpack_memberships_contains_paid_content":false,"footnotes":""},"categories":[5,3],"tags":[],"class_list":["post-945","post","type-post","status-publish","format-standard","has-post-thumbnail","hentry","category-artigos","category-noticias"],"yoast_head":"<!-- This site is optimized with the Yoast SEO plugin v24.1 - https:\/\/yoast.com\/wordpress\/plugins\/seo\/ -->\n<title>Recolher obrigat\u00f3rio na Madeira: preciso de uma declara\u00e7\u00e3o para ir trabalhar? - M|B Advogados<\/title>\n<meta name=\"robots\" content=\"index, follow, max-snippet:-1, max-image-preview:large, max-video-preview:-1\" \/>\n<link rel=\"canonical\" href=\"https:\/\/mb-advogados.pt\/en\/recolher-obrigatorio-na-madeira-preciso-de-uma-declaracao-para-ir-trabalhar\/\" \/>\n<meta property=\"og:locale\" content=\"en_GB\" \/>\n<meta property=\"og:type\" content=\"article\" \/>\n<meta property=\"og:title\" content=\"Recolher obrigat\u00f3rio na Madeira: preciso de uma declara\u00e7\u00e3o para ir trabalhar? - M|B Advogados\" \/>\n<meta property=\"og:description\" content=\"Na Madeira, o Governo Regional decretou a proibi\u00e7\u00e3o de circula\u00e7\u00e3o na via p\u00fablica, em todo o territ\u00f3rio, no per\u00edodo compreendido entre o dia 15 e o dia 19 de fevereiro de 2021, entre as 18 horas e as 5 horas do dia seguinte. Por outro lado, ap\u00f3s o dia 19 de Fevereiro, voltar\u00e1 a vigorar [&hellip;]\" \/>\n<meta property=\"og:url\" content=\"https:\/\/mb-advogados.pt\/en\/recolher-obrigatorio-na-madeira-preciso-de-uma-declaracao-para-ir-trabalhar\/\" \/>\n<meta property=\"og:site_name\" content=\"M|B Advogados\" \/>\n<meta property=\"article:publisher\" content=\"https:\/\/www.facebook.com\/marquesbarradasadv\" \/>\n<meta property=\"article:published_time\" content=\"2021-02-16T19:50:59+00:00\" \/>\n<meta property=\"og:image\" content=\"https:\/\/i0.wp.com\/mb-advogados.pt\/wp\/wp-content\/uploads\/2021\/02\/shutterstock_1675034887_630px.jpg?fit=630%2C420&ssl=1\" \/>\n\t<meta property=\"og:image:width\" content=\"630\" \/>\n\t<meta property=\"og:image:height\" content=\"420\" \/>\n\t<meta property=\"og:image:type\" content=\"image\/jpeg\" \/>\n<meta name=\"author\" content=\"MB Advogados\" \/>\n<meta name=\"twitter:card\" content=\"summary_large_image\" \/>\n<meta name=\"twitter:label1\" content=\"Written by\" \/>\n\t<meta name=\"twitter:data1\" content=\"MB Advogados\" \/>\n\t<meta name=\"twitter:label2\" content=\"Estimated reading time\" \/>\n\t<meta name=\"twitter:data2\" content=\"2 minutes\" \/>\n<script type=\"application\/ld+json\" class=\"yoast-schema-graph\">{\"@context\":\"https:\/\/schema.org\",\"@graph\":[{\"@type\":\"WebPage\",\"@id\":\"https:\/\/mb-advogados.pt\/en\/recolher-obrigatorio-na-madeira-preciso-de-uma-declaracao-para-ir-trabalhar\/\",\"url\":\"https:\/\/mb-advogados.pt\/en\/recolher-obrigatorio-na-madeira-preciso-de-uma-declaracao-para-ir-trabalhar\/\",\"name\":\"Recolher obrigat\u00f3rio na Madeira: preciso de uma declara\u00e7\u00e3o para ir trabalhar? - M|B Advogados\",\"isPartOf\":{\"@id\":\"https:\/\/mb-advogados.pt\/#website\"},\"primaryImageOfPage\":{\"@id\":\"https:\/\/mb-advogados.pt\/en\/recolher-obrigatorio-na-madeira-preciso-de-uma-declaracao-para-ir-trabalhar\/#primaryimage\"},\"image\":{\"@id\":\"https:\/\/mb-advogados.pt\/en\/recolher-obrigatorio-na-madeira-preciso-de-uma-declaracao-para-ir-trabalhar\/#primaryimage\"},\"thumbnailUrl\":\"https:\/\/i0.wp.com\/mb-advogados.pt\/wp\/wp-content\/uploads\/2021\/02\/shutterstock_1675034887_630px.jpg?fit=630%2C420&ssl=1\",\"datePublished\":\"2021-02-16T19:50:59+00:00\",\"dateModified\":\"2021-02-16T19:50:59+00:00\",\"author\":{\"@id\":\"https:\/\/mb-advogados.pt\/#\/schema\/person\/684c6dc031076c9f86ac80d18f403cd8\"},\"breadcrumb\":{\"@id\":\"https:\/\/mb-advogados.pt\/en\/recolher-obrigatorio-na-madeira-preciso-de-uma-declaracao-para-ir-trabalhar\/#breadcrumb\"},\"inLanguage\":\"en-GB\",\"potentialAction\":[{\"@type\":\"ReadAction\",\"target\":[\"https:\/\/mb-advogados.pt\/en\/recolher-obrigatorio-na-madeira-preciso-de-uma-declaracao-para-ir-trabalhar\/\"]}]},{\"@type\":\"ImageObject\",\"inLanguage\":\"en-GB\",\"@id\":\"https:\/\/mb-advogados.pt\/en\/recolher-obrigatorio-na-madeira-preciso-de-uma-declaracao-para-ir-trabalhar\/#primaryimage\",\"url\":\"https:\/\/i0.wp.com\/mb-advogados.pt\/wp\/wp-content\/uploads\/2021\/02\/shutterstock_1675034887_630px.jpg?fit=630%2C420&ssl=1\",\"contentUrl\":\"https:\/\/i0.wp.com\/mb-advogados.pt\/wp\/wp-content\/uploads\/2021\/02\/shutterstock_1675034887_630px.jpg?fit=630%2C420&ssl=1\",\"width\":630,\"height\":420},{\"@type\":\"BreadcrumbList\",\"@id\":\"https:\/\/mb-advogados.pt\/en\/recolher-obrigatorio-na-madeira-preciso-de-uma-declaracao-para-ir-trabalhar\/#breadcrumb\",\"itemListElement\":[{\"@type\":\"ListItem\",\"position\":1,\"name\":\"In\u00edcio\",\"item\":\"https:\/\/mb-advogados.pt\/\"},{\"@type\":\"ListItem\",\"position\":2,\"name\":\"Recolher obrigat\u00f3rio na Madeira: preciso de uma declara\u00e7\u00e3o para ir trabalhar?\"}]},{\"@type\":\"WebSite\",\"@id\":\"https:\/\/mb-advogados.pt\/#website\",\"url\":\"https:\/\/mb-advogados.pt\/\",\"name\":\"M|B Advogados\",\"description\":\"Escrit\u00f3rio de Advogados no Funchal\",\"potentialAction\":[{\"@type\":\"SearchAction\",\"target\":{\"@type\":\"EntryPoint\",\"urlTemplate\":\"https:\/\/mb-advogados.pt\/?s={search_term_string}\"},\"query-input\":{\"@type\":\"PropertyValueSpecification\",\"valueRequired\":true,\"valueName\":\"search_term_string\"}}],\"inLanguage\":\"en-GB\"},{\"@type\":\"Person\",\"@id\":\"https:\/\/mb-advogados.pt\/#\/schema\/person\/684c6dc031076c9f86ac80d18f403cd8\",\"name\":\"MB Advogados\",\"image\":{\"@type\":\"ImageObject\",\"inLanguage\":\"en-GB\",\"@id\":\"https:\/\/mb-advogados.pt\/#\/schema\/person\/image\/\",\"url\":\"https:\/\/secure.gravatar.com\/avatar\/ce31d1ea6e90489c6820dde6ff0e5944?s=96&d=mm&r=g\",\"contentUrl\":\"https:\/\/secure.gravatar.com\/avatar\/ce31d1ea6e90489c6820dde6ff0e5944?s=96&d=mm&r=g\",\"caption\":\"MB Advogados\"}}]}<\/script>\n<!-- \/ Yoast SEO plugin. -->","yoast_head_json":{"title":"Recolher obrigat\u00f3rio na Madeira: preciso de uma declara\u00e7\u00e3o para ir trabalhar? - M|B Advogados","robots":{"index":"index","follow":"follow","max-snippet":"max-snippet:-1","max-image-preview":"max-image-preview:large","max-video-preview":"max-video-preview:-1"},"canonical":"https:\/\/mb-advogados.pt\/en\/recolher-obrigatorio-na-madeira-preciso-de-uma-declaracao-para-ir-trabalhar\/","og_locale":"en_GB","og_type":"article","og_title":"Recolher obrigat\u00f3rio na Madeira: preciso de uma declara\u00e7\u00e3o para ir trabalhar? - M|B Advogados","og_description":"Na Madeira, o Governo Regional decretou a proibi\u00e7\u00e3o de circula\u00e7\u00e3o na via p\u00fablica, em todo o territ\u00f3rio, no per\u00edodo compreendido entre o dia 15 e o dia 19 de fevereiro de 2021, entre as 18 horas e as 5 horas do dia seguinte. Por outro lado, ap\u00f3s o dia 19 de Fevereiro, voltar\u00e1 a vigorar [&hellip;]","og_url":"https:\/\/mb-advogados.pt\/en\/recolher-obrigatorio-na-madeira-preciso-de-uma-declaracao-para-ir-trabalhar\/","og_site_name":"M|B Advogados","article_publisher":"https:\/\/www.facebook.com\/marquesbarradasadv","article_published_time":"2021-02-16T19:50:59+00:00","og_image":[{"width":630,"height":420,"url":"https:\/\/i0.wp.com\/mb-advogados.pt\/wp\/wp-content\/uploads\/2021\/02\/shutterstock_1675034887_630px.jpg?fit=630%2C420&ssl=1","type":"image\/jpeg"}],"author":"MB Advogados","twitter_card":"summary_large_image","twitter_misc":{"Written by":"MB Advogados","Estimated reading time":"2 minutes"},"schema":{"@context":"https:\/\/schema.org","@graph":[{"@type":"WebPage","@id":"https:\/\/mb-advogados.pt\/en\/recolher-obrigatorio-na-madeira-preciso-de-uma-declaracao-para-ir-trabalhar\/","url":"https:\/\/mb-advogados.pt\/en\/recolher-obrigatorio-na-madeira-preciso-de-uma-declaracao-para-ir-trabalhar\/","name":"Recolher obrigat\u00f3rio na Madeira: preciso de uma declara\u00e7\u00e3o para ir trabalhar? - M|B Advogados","isPartOf":{"@id":"https:\/\/mb-advogados.pt\/#website"},"primaryImageOfPage":{"@id":"https:\/\/mb-advogados.pt\/en\/recolher-obrigatorio-na-madeira-preciso-de-uma-declaracao-para-ir-trabalhar\/#primaryimage"},"image":{"@id":"https:\/\/mb-advogados.pt\/en\/recolher-obrigatorio-na-madeira-preciso-de-uma-declaracao-para-ir-trabalhar\/#primaryimage"},"thumbnailUrl":"https:\/\/i0.wp.com\/mb-advogados.pt\/wp\/wp-content\/uploads\/2021\/02\/shutterstock_1675034887_630px.jpg?fit=630%2C420&ssl=1","datePublished":"2021-02-16T19:50:59+00:00","dateModified":"2021-02-16T19:50:59+00:00","author":{"@id":"https:\/\/mb-advogados.pt\/#\/schema\/person\/684c6dc031076c9f86ac80d18f403cd8"},"breadcrumb":{"@id":"https:\/\/mb-advogados.pt\/en\/recolher-obrigatorio-na-madeira-preciso-de-uma-declaracao-para-ir-trabalhar\/#breadcrumb"},"inLanguage":"en-GB","potentialAction":[{"@type":"ReadAction","target":["https:\/\/mb-advogados.pt\/en\/recolher-obrigatorio-na-madeira-preciso-de-uma-declaracao-para-ir-trabalhar\/"]}]},{"@type":"ImageObject","inLanguage":"en-GB","@id":"https:\/\/mb-advogados.pt\/en\/recolher-obrigatorio-na-madeira-preciso-de-uma-declaracao-para-ir-trabalhar\/#primaryimage","url":"https:\/\/i0.wp.com\/mb-advogados.pt\/wp\/wp-content\/uploads\/2021\/02\/shutterstock_1675034887_630px.jpg?fit=630%2C420&ssl=1","contentUrl":"https:\/\/i0.wp.com\/mb-advogados.pt\/wp\/wp-content\/uploads\/2021\/02\/shutterstock_1675034887_630px.jpg?fit=630%2C420&ssl=1","width":630,"height":420},{"@type":"BreadcrumbList","@id":"https:\/\/mb-advogados.pt\/en\/recolher-obrigatorio-na-madeira-preciso-de-uma-declaracao-para-ir-trabalhar\/#breadcrumb","itemListElement":[{"@type":"ListItem","position":1,"name":"In\u00edcio","item":"https:\/\/mb-advogados.pt\/"},{"@type":"ListItem","position":2,"name":"Recolher obrigat\u00f3rio na Madeira: preciso de uma declara\u00e7\u00e3o para ir trabalhar?"}]},{"@type":"WebSite","@id":"https:\/\/mb-advogados.pt\/#website","url":"https:\/\/mb-advogados.pt\/","name":"M|B Advogados","description":"Escrit\u00f3rio de Advogados no Funchal","potentialAction":[{"@type":"SearchAction","target":{"@type":"EntryPoint","urlTemplate":"https:\/\/mb-advogados.pt\/?s={search_term_string}"},"query-input":{"@type":"PropertyValueSpecification","valueRequired":true,"valueName":"search_term_string"}}],"inLanguage":"en-GB"},{"@type":"Person","@id":"https:\/\/mb-advogados.pt\/#\/schema\/person\/684c6dc031076c9f86ac80d18f403cd8","name":"MB Advogados","image":{"@type":"ImageObject","inLanguage":"en-GB","@id":"https:\/\/mb-advogados.pt\/#\/schema\/person\/image\/","url":"https:\/\/secure.gravatar.com\/avatar\/ce31d1ea6e90489c6820dde6ff0e5944?s=96&d=mm&r=g","contentUrl":"https:\/\/secure.gravatar.com\/avatar\/ce31d1ea6e90489c6820dde6ff0e5944?s=96&d=mm&r=g","caption":"MB Advogados"}}]}},"jetpack_sharing_enabled":true,"jetpack_featured_media_url":"https:\/\/i0.wp.com\/mb-advogados.pt\/wp\/wp-content\/uploads\/2021\/02\/shutterstock_1675034887_630px.jpg?fit=630%2C420&ssl=1","_links":{"self":[{"href":"https:\/\/mb-advogados.pt\/en\/wp-json\/wp\/v2\/posts\/945","targetHints":{"allow":["GET"]}}],"collection":[{"href":"https:\/\/mb-advogados.pt\/en\/wp-json\/wp\/v2\/posts"}],"about":[{"href":"https:\/\/mb-advogados.pt\/en\/wp-json\/wp\/v2\/types\/post"}],"author":[{"embeddable":true,"href":"https:\/\/mb-advogados.pt\/en\/wp-json\/wp\/v2\/users\/2"}],"replies":[{"embeddable":true,"href":"https:\/\/mb-advogados.pt\/en\/wp-json\/wp\/v2\/comments?post=945"}],"version-history":[{"count":1,"href":"https:\/\/mb-advogados.pt\/en\/wp-json\/wp\/v2\/posts\/945\/revisions"}],"predecessor-version":[{"id":947,"href":"https:\/\/mb-advogados.pt\/en\/wp-json\/wp\/v2\/posts\/945\/revisions\/947"}],"wp:featuredmedia":[{"embeddable":true,"href":"https:\/\/mb-advogados.pt\/en\/wp-json\/wp\/v2\/media\/946"}],"wp:attachment":[{"href":"https:\/\/mb-advogados.pt\/en\/wp-json\/wp\/v2\/media?parent=945"}],"wp:term":[{"taxonomy":"category","embeddable":true,"href":"https:\/\/mb-advogados.pt\/en\/wp-json\/wp\/v2\/categories?post=945"},{"taxonomy":"post_tag","embeddable":true,"href":"https:\/\/mb-advogados.pt\/en\/wp-json\/wp\/v2\/tags?post=945"}],"curies":[{"name":"wp","href":"https:\/\/api.w.org\/{rel}","templated":true}]}}