{"id":941,"date":"2021-01-18T22:30:48","date_gmt":"2021-01-18T22:30:48","guid":{"rendered":"https:\/\/mb-advogados.pt\/?p=941"},"modified":"2021-01-18T22:30:48","modified_gmt":"2021-01-18T22:30:48","slug":"salario-minimo-na-madeira-fixado-em-682-euros-2021","status":"publish","type":"post","link":"https:\/\/mb-advogados.pt\/en\/salario-minimo-na-madeira-fixado-em-682-euros-2021\/","title":{"rendered":"Sal\u00e1rio m\u00ednimo na Madeira fixado em 682 euros (2021)"},"content":{"rendered":"<p>O Governo Regional da Madeira fixou o novo valor do sal\u00e1rio m\u00ednimo na regi\u00e3o, no valor de 682,00 euros, restando agora a aprova\u00e7\u00e3o do correspondente decreto legislativo regional pela Assembleia Legislativa.<\/p>\n<p>Tal como em anos anteriores, apesar deste valor ser estabelecido j\u00e1 durante o ano corrente, a sua efic\u00e1cia ter\u00e1 efeitos retroativos a 1 de Janeiro de 2021. A fixa\u00e7\u00e3o do sal\u00e1rio m\u00ednimo na Madeira corresponde \u00e0 possibilidade das Regi\u00f5es Aut\u00f3nomas estabelecerem acr\u00e9scimos ao valor da retribui\u00e7\u00e3o m\u00ednima nacional, a qual, durante o ano de 2021, foi fixada em 665,00 euros.<\/p>\n<p>O valor do sal\u00e1rio m\u00ednimo regional \u00e9 uma informa\u00e7\u00e3o fundamental para trabalhadores e empresas com sede na Madeira, na medida em que \u00e9 o montante m\u00ednimo legal a pagar aos trabalhadores pela remunera\u00e7\u00e3o do seu trabalho.<\/p>","protected":false},"excerpt":{"rendered":"<p>O Governo Regional da Madeira fixou o novo valor do sal\u00e1rio m\u00ednimo na regi\u00e3o, no valor de 682,00 euros, restando agora a aprova\u00e7\u00e3o do correspondente decreto legislativo regional pela Assembleia Legislativa. Tal como em anos anteriores, apesar deste valor ser estabelecido j\u00e1 durante o ano corrente, a sua efic\u00e1cia ter\u00e1 efeitos retroativos a 1 de [&hellip;]<\/p>","protected":false},"author":2,"featured_media":942,"comment_status":"closed","ping_status":"closed","sticky":false,"template":"","format":"standard","meta":{"_et_pb_use_builder":"","_et_pb_old_content":"","_et_gb_content_width":"","_jetpack_memberships_contains_paid_content":false,"footnotes":""},"categories":[5,3],"tags":[],"class_list":["post-941","post","type-post","status-publish","format-standard","has-post-thumbnail","hentry","category-artigos","category-noticias"],"yoast_head":"<!-- This site is optimized with the Yoast SEO plugin v24.1 - https:\/\/yoast.com\/wordpress\/plugins\/seo\/ -->\n<title>Sal\u00e1rio m\u00ednimo na Madeira fixado em 682 euros (2021) - M|B Advogados<\/title>\n<meta name=\"robots\" content=\"index, follow, max-snippet:-1, max-image-preview:large, max-video-preview:-1\" \/>\n<link rel=\"canonical\" href=\"https:\/\/mb-advogados.pt\/en\/salario-minimo-na-madeira-fixado-em-682-euros-2021\/\" \/>\n<meta property=\"og:locale\" content=\"en_GB\" \/>\n<meta property=\"og:type\" content=\"article\" \/>\n<meta property=\"og:title\" content=\"Sal\u00e1rio m\u00ednimo na Madeira fixado em 682 euros (2021) - M|B Advogados\" \/>\n<meta property=\"og:description\" content=\"O Governo Regional da Madeira fixou o novo valor do sal\u00e1rio m\u00ednimo na regi\u00e3o, no valor de 682,00 euros, restando agora a aprova\u00e7\u00e3o do correspondente decreto legislativo regional pela Assembleia Legislativa. Tal como em anos anteriores, apesar deste valor ser estabelecido j\u00e1 durante o ano corrente, a sua efic\u00e1cia ter\u00e1 efeitos retroativos a 1 de [&hellip;]\" \/>\n<meta property=\"og:url\" content=\"https:\/\/mb-advogados.pt\/en\/salario-minimo-na-madeira-fixado-em-682-euros-2021\/\" \/>\n<meta property=\"og:site_name\" content=\"M|B Advogados\" \/>\n<meta property=\"article:publisher\" content=\"https:\/\/www.facebook.com\/marquesbarradasadv\" \/>\n<meta property=\"article:published_time\" content=\"2021-01-18T22:30:48+00:00\" \/>\n<meta property=\"og:image\" content=\"https:\/\/i0.wp.com\/mb-advogados.pt\/wp\/wp-content\/uploads\/2021\/01\/Funchal-Madeira.jpg?fit=950%2C629&ssl=1\" \/>\n\t<meta property=\"og:image:width\" content=\"950\" \/>\n\t<meta property=\"og:image:height\" content=\"629\" \/>\n\t<meta property=\"og:image:type\" content=\"image\/jpeg\" \/>\n<meta name=\"author\" content=\"MB Advogados\" \/>\n<meta name=\"twitter:card\" content=\"summary_large_image\" \/>\n<meta name=\"twitter:label1\" content=\"Written by\" \/>\n\t<meta name=\"twitter:data1\" content=\"MB Advogados\" \/>\n\t<meta name=\"twitter:label2\" content=\"Estimated reading time\" \/>\n\t<meta name=\"twitter:data2\" content=\"1 minute\" \/>\n<script type=\"application\/ld+json\" class=\"yoast-schema-graph\">{\"@context\":\"https:\/\/schema.org\",\"@graph\":[{\"@type\":\"WebPage\",\"@id\":\"https:\/\/mb-advogados.pt\/en\/salario-minimo-na-madeira-fixado-em-682-euros-2021\/\",\"url\":\"https:\/\/mb-advogados.pt\/en\/salario-minimo-na-madeira-fixado-em-682-euros-2021\/\",\"name\":\"Sal\u00e1rio m\u00ednimo na Madeira fixado em 682 euros (2021) - M|B Advogados\",\"isPartOf\":{\"@id\":\"https:\/\/mb-advogados.pt\/#website\"},\"primaryImageOfPage\":{\"@id\":\"https:\/\/mb-advogados.pt\/en\/salario-minimo-na-madeira-fixado-em-682-euros-2021\/#primaryimage\"},\"image\":{\"@id\":\"https:\/\/mb-advogados.pt\/en\/salario-minimo-na-madeira-fixado-em-682-euros-2021\/#primaryimage\"},\"thumbnailUrl\":\"https:\/\/i0.wp.com\/mb-advogados.pt\/wp\/wp-content\/uploads\/2021\/01\/Funchal-Madeira.jpg?fit=950%2C629&ssl=1\",\"datePublished\":\"2021-01-18T22:30:48+00:00\",\"dateModified\":\"2021-01-18T22:30:48+00:00\",\"author\":{\"@id\":\"https:\/\/mb-advogados.pt\/#\/schema\/person\/684c6dc031076c9f86ac80d18f403cd8\"},\"breadcrumb\":{\"@id\":\"https:\/\/mb-advogados.pt\/en\/salario-minimo-na-madeira-fixado-em-682-euros-2021\/#breadcrumb\"},\"inLanguage\":\"en-GB\",\"potentialAction\":[{\"@type\":\"ReadAction\",\"target\":[\"https:\/\/mb-advogados.pt\/en\/salario-minimo-na-madeira-fixado-em-682-euros-2021\/\"]}]},{\"@type\":\"ImageObject\",\"inLanguage\":\"en-GB\",\"@id\":\"https:\/\/mb-advogados.pt\/en\/salario-minimo-na-madeira-fixado-em-682-euros-2021\/#primaryimage\",\"url\":\"https:\/\/i0.wp.com\/mb-advogados.pt\/wp\/wp-content\/uploads\/2021\/01\/Funchal-Madeira.jpg?fit=950%2C629&ssl=1\",\"contentUrl\":\"https:\/\/i0.wp.com\/mb-advogados.pt\/wp\/wp-content\/uploads\/2021\/01\/Funchal-Madeira.jpg?fit=950%2C629&ssl=1\",\"width\":950,\"height\":629},{\"@type\":\"BreadcrumbList\",\"@id\":\"https:\/\/mb-advogados.pt\/en\/salario-minimo-na-madeira-fixado-em-682-euros-2021\/#breadcrumb\",\"itemListElement\":[{\"@type\":\"ListItem\",\"position\":1,\"name\":\"In\u00edcio\",\"item\":\"https:\/\/mb-advogados.pt\/\"},{\"@type\":\"ListItem\",\"position\":2,\"name\":\"Sal\u00e1rio m\u00ednimo na Madeira fixado em 682 euros (2021)\"}]},{\"@type\":\"WebSite\",\"@id\":\"https:\/\/mb-advogados.pt\/#website\",\"url\":\"https:\/\/mb-advogados.pt\/\",\"name\":\"M|B Advogados\",\"description\":\"Escrit\u00f3rio de Advogados no Funchal\",\"potentialAction\":[{\"@type\":\"SearchAction\",\"target\":{\"@type\":\"EntryPoint\",\"urlTemplate\":\"https:\/\/mb-advogados.pt\/?s={search_term_string}\"},\"query-input\":{\"@type\":\"PropertyValueSpecification\",\"valueRequired\":true,\"valueName\":\"search_term_string\"}}],\"inLanguage\":\"en-GB\"},{\"@type\":\"Person\",\"@id\":\"https:\/\/mb-advogados.pt\/#\/schema\/person\/684c6dc031076c9f86ac80d18f403cd8\",\"name\":\"MB Advogados\",\"image\":{\"@type\":\"ImageObject\",\"inLanguage\":\"en-GB\",\"@id\":\"https:\/\/mb-advogados.pt\/#\/schema\/person\/image\/\",\"url\":\"https:\/\/secure.gravatar.com\/avatar\/ce31d1ea6e90489c6820dde6ff0e5944?s=96&d=mm&r=g\",\"contentUrl\":\"https:\/\/secure.gravatar.com\/avatar\/ce31d1ea6e90489c6820dde6ff0e5944?s=96&d=mm&r=g\",\"caption\":\"MB Advogados\"}}]}<\/script>\n<!-- \/ Yoast SEO plugin. -->","yoast_head_json":{"title":"Sal\u00e1rio m\u00ednimo na Madeira fixado em 682 euros (2021) - M|B Advogados","robots":{"index":"index","follow":"follow","max-snippet":"max-snippet:-1","max-image-preview":"max-image-preview:large","max-video-preview":"max-video-preview:-1"},"canonical":"https:\/\/mb-advogados.pt\/en\/salario-minimo-na-madeira-fixado-em-682-euros-2021\/","og_locale":"en_GB","og_type":"article","og_title":"Sal\u00e1rio m\u00ednimo na Madeira fixado em 682 euros (2021) - M|B Advogados","og_description":"O Governo Regional da Madeira fixou o novo valor do sal\u00e1rio m\u00ednimo na regi\u00e3o, no valor de 682,00 euros, restando agora a aprova\u00e7\u00e3o do correspondente decreto legislativo regional pela Assembleia Legislativa. Tal como em anos anteriores, apesar deste valor ser estabelecido j\u00e1 durante o ano corrente, a sua efic\u00e1cia ter\u00e1 efeitos retroativos a 1 de [&hellip;]","og_url":"https:\/\/mb-advogados.pt\/en\/salario-minimo-na-madeira-fixado-em-682-euros-2021\/","og_site_name":"M|B Advogados","article_publisher":"https:\/\/www.facebook.com\/marquesbarradasadv","article_published_time":"2021-01-18T22:30:48+00:00","og_image":[{"width":950,"height":629,"url":"https:\/\/i0.wp.com\/mb-advogados.pt\/wp\/wp-content\/uploads\/2021\/01\/Funchal-Madeira.jpg?fit=950%2C629&ssl=1","type":"image\/jpeg"}],"author":"MB Advogados","twitter_card":"summary_large_image","twitter_misc":{"Written by":"MB Advogados","Estimated reading time":"1 minute"},"schema":{"@context":"https:\/\/schema.org","@graph":[{"@type":"WebPage","@id":"https:\/\/mb-advogados.pt\/en\/salario-minimo-na-madeira-fixado-em-682-euros-2021\/","url":"https:\/\/mb-advogados.pt\/en\/salario-minimo-na-madeira-fixado-em-682-euros-2021\/","name":"Sal\u00e1rio m\u00ednimo na Madeira fixado em 682 euros (2021) - M|B Advogados","isPartOf":{"@id":"https:\/\/mb-advogados.pt\/#website"},"primaryImageOfPage":{"@id":"https:\/\/mb-advogados.pt\/en\/salario-minimo-na-madeira-fixado-em-682-euros-2021\/#primaryimage"},"image":{"@id":"https:\/\/mb-advogados.pt\/en\/salario-minimo-na-madeira-fixado-em-682-euros-2021\/#primaryimage"},"thumbnailUrl":"https:\/\/i0.wp.com\/mb-advogados.pt\/wp\/wp-content\/uploads\/2021\/01\/Funchal-Madeira.jpg?fit=950%2C629&ssl=1","datePublished":"2021-01-18T22:30:48+00:00","dateModified":"2021-01-18T22:30:48+00:00","author":{"@id":"https:\/\/mb-advogados.pt\/#\/schema\/person\/684c6dc031076c9f86ac80d18f403cd8"},"breadcrumb":{"@id":"https:\/\/mb-advogados.pt\/en\/salario-minimo-na-madeira-fixado-em-682-euros-2021\/#breadcrumb"},"inLanguage":"en-GB","potentialAction":[{"@type":"ReadAction","target":["https:\/\/mb-advogados.pt\/en\/salario-minimo-na-madeira-fixado-em-682-euros-2021\/"]}]},{"@type":"ImageObject","inLanguage":"en-GB","@id":"https:\/\/mb-advogados.pt\/en\/salario-minimo-na-madeira-fixado-em-682-euros-2021\/#primaryimage","url":"https:\/\/i0.wp.com\/mb-advogados.pt\/wp\/wp-content\/uploads\/2021\/01\/Funchal-Madeira.jpg?fit=950%2C629&ssl=1","contentUrl":"https:\/\/i0.wp.com\/mb-advogados.pt\/wp\/wp-content\/uploads\/2021\/01\/Funchal-Madeira.jpg?fit=950%2C629&ssl=1","width":950,"height":629},{"@type":"BreadcrumbList","@id":"https:\/\/mb-advogados.pt\/en\/salario-minimo-na-madeira-fixado-em-682-euros-2021\/#breadcrumb","itemListElement":[{"@type":"ListItem","position":1,"name":"In\u00edcio","item":"https:\/\/mb-advogados.pt\/"},{"@type":"ListItem","position":2,"name":"Sal\u00e1rio m\u00ednimo na Madeira fixado em 682 euros (2021)"}]},{"@type":"WebSite","@id":"https:\/\/mb-advogados.pt\/#website","url":"https:\/\/mb-advogados.pt\/","name":"M|B Advogados","description":"Escrit\u00f3rio de Advogados no Funchal","potentialAction":[{"@type":"SearchAction","target":{"@type":"EntryPoint","urlTemplate":"https:\/\/mb-advogados.pt\/?s={search_term_string}"},"query-input":{"@type":"PropertyValueSpecification","valueRequired":true,"valueName":"search_term_string"}}],"inLanguage":"en-GB"},{"@type":"Person","@id":"https:\/\/mb-advogados.pt\/#\/schema\/person\/684c6dc031076c9f86ac80d18f403cd8","name":"MB Advogados","image":{"@type":"ImageObject","inLanguage":"en-GB","@id":"https:\/\/mb-advogados.pt\/#\/schema\/person\/image\/","url":"https:\/\/secure.gravatar.com\/avatar\/ce31d1ea6e90489c6820dde6ff0e5944?s=96&d=mm&r=g","contentUrl":"https:\/\/secure.gravatar.com\/avatar\/ce31d1ea6e90489c6820dde6ff0e5944?s=96&d=mm&r=g","caption":"MB Advogados"}}]}},"jetpack_sharing_enabled":true,"jetpack_featured_media_url":"https:\/\/i0.wp.com\/mb-advogados.pt\/wp\/wp-content\/uploads\/2021\/01\/Funchal-Madeira.jpg?fit=950%2C629&ssl=1","_links":{"self":[{"href":"https:\/\/mb-advogados.pt\/en\/wp-json\/wp\/v2\/posts\/941","targetHints":{"allow":["GET"]}}],"collection":[{"href":"https:\/\/mb-advogados.pt\/en\/wp-json\/wp\/v2\/posts"}],"about":[{"href":"https:\/\/mb-advogados.pt\/en\/wp-json\/wp\/v2\/types\/post"}],"author":[{"embeddable":true,"href":"https:\/\/mb-advogados.pt\/en\/wp-json\/wp\/v2\/users\/2"}],"replies":[{"embeddable":true,"href":"https:\/\/mb-advogados.pt\/en\/wp-json\/wp\/v2\/comments?post=941"}],"version-history":[{"count":1,"href":"https:\/\/mb-advogados.pt\/en\/wp-json\/wp\/v2\/posts\/941\/revisions"}],"predecessor-version":[{"id":943,"href":"https:\/\/mb-advogados.pt\/en\/wp-json\/wp\/v2\/posts\/941\/revisions\/943"}],"wp:featuredmedia":[{"embeddable":true,"href":"https:\/\/mb-advogados.pt\/en\/wp-json\/wp\/v2\/media\/942"}],"wp:attachment":[{"href":"https:\/\/mb-advogados.pt\/en\/wp-json\/wp\/v2\/media?parent=941"}],"wp:term":[{"taxonomy":"category","embeddable":true,"href":"https:\/\/mb-advogados.pt\/en\/wp-json\/wp\/v2\/categories?post=941"},{"taxonomy":"post_tag","embeddable":true,"href":"https:\/\/mb-advogados.pt\/en\/wp-json\/wp\/v2\/tags?post=941"}],"curies":[{"name":"wp","href":"https:\/\/api.w.org\/{rel}","templated":true}]}}