{"id":930,"date":"2020-11-08T18:49:12","date_gmt":"2020-11-08T18:49:12","guid":{"rendered":"https:\/\/mb-advogados.pt\/?p=930"},"modified":"2020-11-08T18:49:12","modified_gmt":"2020-11-08T18:49:12","slug":"uso-obrigatorio-de-mascara-5-questoes-acerca-da-sua-aplicacao-na-regiao-autonoma-da-madeira","status":"publish","type":"post","link":"https:\/\/mb-advogados.pt\/en\/uso-obrigatorio-de-mascara-5-questoes-acerca-da-sua-aplicacao-na-regiao-autonoma-da-madeira\/","title":{"rendered":"Uso obrigat\u00f3rio de m\u00e1scara &#8211; 5 quest\u00f5es acerca da sua aplica\u00e7\u00e3o na Regi\u00e3o Aut\u00f3noma da Madeira"},"content":{"rendered":"<p>H\u00e1 muito que o executivo do Funchal havia recomendado a toda a popula\u00e7\u00e3o madeirense o uso de m\u00e1scara sempre que n\u00e3o fosse poss\u00edvel garantir o distanciamento social m\u00ednimo recomendado como forma de combate \u00e0 transmiss\u00e3o do novo coronav\u00edrus.<\/p>\n<p>Ap\u00f3s o Governo da Rep\u00fablica ter tomado posi\u00e7\u00e3o acerca do uso de m\u00e1scara como medida de combate \u00e0 propaga\u00e7\u00e3o da covid-19, tornando-o obrigat\u00f3rio, coube ao Governo Regional regulamentar a sua aplica\u00e7\u00e3o no territ\u00f3rio auton\u00f3mico, tornando-a obrigat\u00f3ria entre os dias 05 de Novembro e 05 de Dezembro de 2020, cujo regime passamos a clarificar em cinco breves quest\u00f5es.<\/p>\n<p><strong><b>\u00a0<\/b><\/strong><strong><b>1 &#8211; Onde \u00e9 obrigat\u00f3rio o uso de m\u00e1scaras na Regi\u00e3o Aut\u00f3noma da Madeira?<\/b><\/strong><\/p>\n<p>O\u00a0uso de m\u00e1scara\u00a0\u00e9 obrigat\u00f3rio\u00a0para o acesso, circula\u00e7\u00e3o ou perman\u00eancia em espa\u00e7os fechados, ou locais de acesso e vias p\u00fablicas.<\/p>\n<p><strong><b>2 &#8211; Quando \u00e9 obrigat\u00f3rio o uso de m\u00e1scara?<\/b><\/strong><\/p>\n<p>\u00c9 obrigat\u00f3rio o uso de m\u00e1scara de prote\u00e7\u00e3o \u00e0 doen\u00e7a COVID-19, na Regi\u00e3o Aut\u00f3noma da Madeira, por todos os cidad\u00e3os, para o acesso, circula\u00e7\u00e3o ou perman\u00eancia em espa\u00e7os fechados, ou locais de acesso e vias p\u00fablicas, sempre\u00a0que o distanciamento f\u00edsico recomendado pelas autoridades de sa\u00fade se mostre impratic\u00e1vel.<\/p>\n<p>De notar que, de acordo com a exce\u00e7\u00e3o que indicamos na al\u00ednea a), do n\u00famero seguinte, no territ\u00f3rio da Regi\u00e3o Aut\u00f3noma da Madeira, <strong><b>o uso \u00e9 obrigat\u00f3rio a partir dos 06 anos de idade<\/b><\/strong>. \u00c9 esta a grande diferen\u00e7a para o\u00a0diploma da Rep\u00fablica, que\u00a0estabelece a obrigatoriedade de uso apenas a partir dos 10 anos de idade.<\/p>\n<p><strong><b>\u00a0<\/b><\/strong><strong><b>3 &#8211; Quem se encontra isento do uso?<\/b><\/strong><\/p>\n<p>Encontram-se isentos do uso\u00a0obrigat\u00f3rio\u00a0de m\u00e1scara de prote\u00e7\u00e3o \u00e0 doen\u00e7a COVID-19, na Regi\u00e3o Aut\u00f3noma da Madeira:<\/p>\n<ol>\n<li>Crian\u00e7as at\u00e9 aos cinco anos de idade;<\/li>\n<li>Cidad\u00e3os incapacitados (pela dificuldade em colocar\/retirar a m\u00e1scara sem assist\u00eancia);<\/li>\n<li>Cidad\u00e3os que se encontrem a realizar pr\u00e1tica desportiva;<\/li>\n<li>Cidad\u00e3os que se encontram a frequentar praias, zonas e complexos balneares e acessos ao mar, <strong><b>com exce\u00e7\u00e3o <\/b><\/strong>das instala\u00e7\u00f5es sanit\u00e1rias onde \u00e9 obrigat\u00f3rio o uso de m\u00e1scara;<\/li>\n<li>Cidad\u00e3os que se encontrem a realizar atividade f\u00edsica e\/ou de lazer que envolva a realiza\u00e7\u00e3o de esfor\u00e7o f\u00edsico;<\/li>\n<li>Cidad\u00e3os que se encontrem a realizar atividades l\u00fadico-desportivas em espa\u00e7o florestal e percursos pedestres recomendados, cumprindo-se as regras de distanciamento social.<\/li>\n<\/ol>\n<p><strong><b>\u00a0<\/b><\/strong><strong><b>4 &#8211; A que entidades est\u00e1 atribu\u00edda a fiscaliza\u00e7\u00e3o do uso<\/b><\/strong><strong><b>\u00a0de m\u00e1scara<\/b><\/strong><strong><b>?<\/b><\/strong><\/p>\n<p>A fiscaliza\u00e7\u00e3o do cumprimento da obriga\u00e7\u00e3o do uso de m\u00e1scara\u00a0na Regi\u00e3o Aut\u00f3noma da Madeira\u00a0compete \u00e0s For\u00e7as de Seguran\u00e7a\u00a0(Pol\u00edcia de Seguran\u00e7a P\u00fablica, Guarda Nacional Republicana e Pol\u00edcia Mar\u00edtima)\u00a0e \u00e0 Autoridade Regional das Atividades Econ\u00f3micas.<\/p>\n<p><strong><b>5 &#8211; Que abordagem podem esperar os cidad\u00e3os das autoridades fiscalizadoras?<\/b><\/strong><\/p>\n<p>O diploma Regional\u00a0confere \u00e0s autoridades fiscalizadoras, em primeira linha, uma fun\u00e7\u00e3o de sensibiliza\u00e7\u00e3o e pedagogia para\u00a0a import\u00e2ncia da utiliza\u00e7\u00e3o de m\u00e1scara por todos os cidad\u00e3os, para o acesso, circula\u00e7\u00e3o ou perman\u00eancia em espa\u00e7os fechados, ou locais de acesso e vias p\u00fablicas, sempre que o distanciamento f\u00edsico recomendado pelas autoridades de sa\u00fade se mostre impratic\u00e1vel.<\/p>\n<p>Em caso de insucesso da sensibiliza\u00e7\u00e3o e pedagogia, o\u00a0incumprimento da obriga\u00e7\u00e3o de utiliza\u00e7\u00e3o de m\u00e1scara para o acesso, circula\u00e7\u00e3o ou perman\u00eancia nos espa\u00e7os e vias p\u00fablicas, sempre que o distanciamento f\u00edsico recomendado pelas autoridades de sa\u00fade se mostre impratic\u00e1vel, constitui contra-ordena\u00e7\u00e3o pun\u00edvel com uma coima entre os \u20ac 100,00 e os \u20ac 500,00.<\/p>","protected":false},"excerpt":{"rendered":"<p>H\u00e1 muito que o executivo do Funchal havia recomendado a toda a popula\u00e7\u00e3o madeirense o uso de m\u00e1scara sempre que n\u00e3o fosse poss\u00edvel garantir o distanciamento social m\u00ednimo recomendado como forma de combate \u00e0 transmiss\u00e3o do novo coronav\u00edrus. Ap\u00f3s o Governo da Rep\u00fablica ter tomado posi\u00e7\u00e3o acerca do uso de m\u00e1scara como medida de combate [&hellip;]<\/p>","protected":false},"author":4,"featured_media":931,"comment_status":"closed","ping_status":"closed","sticky":false,"template":"","format":"standard","meta":{"_et_pb_use_builder":"","_et_pb_old_content":"","_et_gb_content_width":"","_jetpack_memberships_contains_paid_content":false,"footnotes":""},"categories":[5],"tags":[],"class_list":["post-930","post","type-post","status-publish","format-standard","has-post-thumbnail","hentry","category-artigos"],"yoast_head":"<!-- This site is optimized with the Yoast SEO plugin v24.1 - https:\/\/yoast.com\/wordpress\/plugins\/seo\/ -->\n<title>Uso obrigat\u00f3rio de m\u00e1scara - 5 quest\u00f5es acerca da sua aplica\u00e7\u00e3o na Regi\u00e3o Aut\u00f3noma da Madeira - M|B Advogados<\/title>\n<meta name=\"robots\" content=\"index, follow, max-snippet:-1, max-image-preview:large, max-video-preview:-1\" \/>\n<link rel=\"canonical\" href=\"https:\/\/mb-advogados.pt\/en\/uso-obrigatorio-de-mascara-5-questoes-acerca-da-sua-aplicacao-na-regiao-autonoma-da-madeira\/\" \/>\n<meta property=\"og:locale\" content=\"en_GB\" \/>\n<meta property=\"og:type\" content=\"article\" \/>\n<meta property=\"og:title\" content=\"Uso obrigat\u00f3rio de m\u00e1scara - 5 quest\u00f5es acerca da sua aplica\u00e7\u00e3o na Regi\u00e3o Aut\u00f3noma da Madeira - M|B Advogados\" \/>\n<meta property=\"og:description\" content=\"H\u00e1 muito que o executivo do Funchal havia recomendado a toda a popula\u00e7\u00e3o madeirense o uso de m\u00e1scara sempre que n\u00e3o fosse poss\u00edvel garantir o distanciamento social m\u00ednimo recomendado como forma de combate \u00e0 transmiss\u00e3o do novo coronav\u00edrus. Ap\u00f3s o Governo da Rep\u00fablica ter tomado posi\u00e7\u00e3o acerca do uso de m\u00e1scara como medida de combate [&hellip;]\" \/>\n<meta property=\"og:url\" content=\"https:\/\/mb-advogados.pt\/en\/uso-obrigatorio-de-mascara-5-questoes-acerca-da-sua-aplicacao-na-regiao-autonoma-da-madeira\/\" \/>\n<meta property=\"og:site_name\" content=\"M|B Advogados\" \/>\n<meta property=\"article:publisher\" content=\"https:\/\/www.facebook.com\/marquesbarradasadv\" \/>\n<meta property=\"article:published_time\" content=\"2020-11-08T18:49:12+00:00\" \/>\n<meta property=\"og:image\" content=\"https:\/\/i0.wp.com\/mb-advogados.pt\/wp\/wp-content\/uploads\/2020\/11\/m\u00e1scara-2-scaled.jpg?fit=1707%2C2560&ssl=1\" \/>\n\t<meta property=\"og:image:width\" content=\"1707\" \/>\n\t<meta property=\"og:image:height\" content=\"2560\" \/>\n\t<meta property=\"og:image:type\" content=\"image\/jpeg\" \/>\n<meta name=\"author\" content=\"Hugo Ricardo Barradas\" \/>\n<meta name=\"twitter:card\" content=\"summary_large_image\" \/>\n<meta name=\"twitter:label1\" content=\"Written by\" \/>\n\t<meta name=\"twitter:data1\" content=\"Hugo Ricardo Barradas\" \/>\n\t<meta name=\"twitter:label2\" content=\"Estimated reading time\" \/>\n\t<meta name=\"twitter:data2\" content=\"3 minutes\" \/>\n<script type=\"application\/ld+json\" class=\"yoast-schema-graph\">{\"@context\":\"https:\/\/schema.org\",\"@graph\":[{\"@type\":\"WebPage\",\"@id\":\"https:\/\/mb-advogados.pt\/en\/uso-obrigatorio-de-mascara-5-questoes-acerca-da-sua-aplicacao-na-regiao-autonoma-da-madeira\/\",\"url\":\"https:\/\/mb-advogados.pt\/en\/uso-obrigatorio-de-mascara-5-questoes-acerca-da-sua-aplicacao-na-regiao-autonoma-da-madeira\/\",\"name\":\"Uso obrigat\u00f3rio de m\u00e1scara - 5 quest\u00f5es acerca da sua aplica\u00e7\u00e3o na Regi\u00e3o Aut\u00f3noma da Madeira - M|B Advogados\",\"isPartOf\":{\"@id\":\"https:\/\/mb-advogados.pt\/#website\"},\"primaryImageOfPage\":{\"@id\":\"https:\/\/mb-advogados.pt\/en\/uso-obrigatorio-de-mascara-5-questoes-acerca-da-sua-aplicacao-na-regiao-autonoma-da-madeira\/#primaryimage\"},\"image\":{\"@id\":\"https:\/\/mb-advogados.pt\/en\/uso-obrigatorio-de-mascara-5-questoes-acerca-da-sua-aplicacao-na-regiao-autonoma-da-madeira\/#primaryimage\"},\"thumbnailUrl\":\"https:\/\/i0.wp.com\/mb-advogados.pt\/wp\/wp-content\/uploads\/2020\/11\/m\u00e1scara-2-scaled.jpg?fit=1707%2C2560&ssl=1\",\"datePublished\":\"2020-11-08T18:49:12+00:00\",\"dateModified\":\"2020-11-08T18:49:12+00:00\",\"author\":{\"@id\":\"https:\/\/mb-advogados.pt\/#\/schema\/person\/3e38d2eb6aa3940bbfacf5335ff86b10\"},\"breadcrumb\":{\"@id\":\"https:\/\/mb-advogados.pt\/en\/uso-obrigatorio-de-mascara-5-questoes-acerca-da-sua-aplicacao-na-regiao-autonoma-da-madeira\/#breadcrumb\"},\"inLanguage\":\"en-GB\",\"potentialAction\":[{\"@type\":\"ReadAction\",\"target\":[\"https:\/\/mb-advogados.pt\/en\/uso-obrigatorio-de-mascara-5-questoes-acerca-da-sua-aplicacao-na-regiao-autonoma-da-madeira\/\"]}]},{\"@type\":\"ImageObject\",\"inLanguage\":\"en-GB\",\"@id\":\"https:\/\/mb-advogados.pt\/en\/uso-obrigatorio-de-mascara-5-questoes-acerca-da-sua-aplicacao-na-regiao-autonoma-da-madeira\/#primaryimage\",\"url\":\"https:\/\/i0.wp.com\/mb-advogados.pt\/wp\/wp-content\/uploads\/2020\/11\/m\u00e1scara-2-scaled.jpg?fit=1707%2C2560&ssl=1\",\"contentUrl\":\"https:\/\/i0.wp.com\/mb-advogados.pt\/wp\/wp-content\/uploads\/2020\/11\/m\u00e1scara-2-scaled.jpg?fit=1707%2C2560&ssl=1\",\"width\":1707,\"height\":2560},{\"@type\":\"BreadcrumbList\",\"@id\":\"https:\/\/mb-advogados.pt\/en\/uso-obrigatorio-de-mascara-5-questoes-acerca-da-sua-aplicacao-na-regiao-autonoma-da-madeira\/#breadcrumb\",\"itemListElement\":[{\"@type\":\"ListItem\",\"position\":1,\"name\":\"In\u00edcio\",\"item\":\"https:\/\/mb-advogados.pt\/\"},{\"@type\":\"ListItem\",\"position\":2,\"name\":\"Uso obrigat\u00f3rio de m\u00e1scara &#8211; 5 quest\u00f5es acerca da sua aplica\u00e7\u00e3o na Regi\u00e3o Aut\u00f3noma da Madeira\"}]},{\"@type\":\"WebSite\",\"@id\":\"https:\/\/mb-advogados.pt\/#website\",\"url\":\"https:\/\/mb-advogados.pt\/\",\"name\":\"M|B Advogados\",\"description\":\"Escrit\u00f3rio de Advogados no Funchal\",\"potentialAction\":[{\"@type\":\"SearchAction\",\"target\":{\"@type\":\"EntryPoint\",\"urlTemplate\":\"https:\/\/mb-advogados.pt\/?s={search_term_string}\"},\"query-input\":{\"@type\":\"PropertyValueSpecification\",\"valueRequired\":true,\"valueName\":\"search_term_string\"}}],\"inLanguage\":\"en-GB\"},{\"@type\":\"Person\",\"@id\":\"https:\/\/mb-advogados.pt\/#\/schema\/person\/3e38d2eb6aa3940bbfacf5335ff86b10\",\"name\":\"Hugo Ricardo Barradas\",\"image\":{\"@type\":\"ImageObject\",\"inLanguage\":\"en-GB\",\"@id\":\"https:\/\/mb-advogados.pt\/#\/schema\/person\/image\/\",\"url\":\"https:\/\/secure.gravatar.com\/avatar\/12c5f5d17e6618a186b50caaafe34e09?s=96&d=mm&r=g\",\"contentUrl\":\"https:\/\/secure.gravatar.com\/avatar\/12c5f5d17e6618a186b50caaafe34e09?s=96&d=mm&r=g\",\"caption\":\"Hugo Ricardo Barradas\"}}]}<\/script>\n<!-- \/ Yoast SEO plugin. -->","yoast_head_json":{"title":"Uso obrigat\u00f3rio de m\u00e1scara - 5 quest\u00f5es acerca da sua aplica\u00e7\u00e3o na Regi\u00e3o Aut\u00f3noma da Madeira - M|B Advogados","robots":{"index":"index","follow":"follow","max-snippet":"max-snippet:-1","max-image-preview":"max-image-preview:large","max-video-preview":"max-video-preview:-1"},"canonical":"https:\/\/mb-advogados.pt\/en\/uso-obrigatorio-de-mascara-5-questoes-acerca-da-sua-aplicacao-na-regiao-autonoma-da-madeira\/","og_locale":"en_GB","og_type":"article","og_title":"Uso obrigat\u00f3rio de m\u00e1scara - 5 quest\u00f5es acerca da sua aplica\u00e7\u00e3o na Regi\u00e3o Aut\u00f3noma da Madeira - M|B Advogados","og_description":"H\u00e1 muito que o executivo do Funchal havia recomendado a toda a popula\u00e7\u00e3o madeirense o uso de m\u00e1scara sempre que n\u00e3o fosse poss\u00edvel garantir o distanciamento social m\u00ednimo recomendado como forma de combate \u00e0 transmiss\u00e3o do novo coronav\u00edrus. Ap\u00f3s o Governo da Rep\u00fablica ter tomado posi\u00e7\u00e3o acerca do uso de m\u00e1scara como medida de combate [&hellip;]","og_url":"https:\/\/mb-advogados.pt\/en\/uso-obrigatorio-de-mascara-5-questoes-acerca-da-sua-aplicacao-na-regiao-autonoma-da-madeira\/","og_site_name":"M|B Advogados","article_publisher":"https:\/\/www.facebook.com\/marquesbarradasadv","article_published_time":"2020-11-08T18:49:12+00:00","og_image":[{"width":1707,"height":2560,"url":"https:\/\/i0.wp.com\/mb-advogados.pt\/wp\/wp-content\/uploads\/2020\/11\/m\u00e1scara-2-scaled.jpg?fit=1707%2C2560&ssl=1","type":"image\/jpeg"}],"author":"Hugo Ricardo Barradas","twitter_card":"summary_large_image","twitter_misc":{"Written by":"Hugo Ricardo Barradas","Estimated reading time":"3 minutes"},"schema":{"@context":"https:\/\/schema.org","@graph":[{"@type":"WebPage","@id":"https:\/\/mb-advogados.pt\/en\/uso-obrigatorio-de-mascara-5-questoes-acerca-da-sua-aplicacao-na-regiao-autonoma-da-madeira\/","url":"https:\/\/mb-advogados.pt\/en\/uso-obrigatorio-de-mascara-5-questoes-acerca-da-sua-aplicacao-na-regiao-autonoma-da-madeira\/","name":"Uso obrigat\u00f3rio de m\u00e1scara - 5 quest\u00f5es acerca da sua aplica\u00e7\u00e3o na Regi\u00e3o Aut\u00f3noma da Madeira - M|B Advogados","isPartOf":{"@id":"https:\/\/mb-advogados.pt\/#website"},"primaryImageOfPage":{"@id":"https:\/\/mb-advogados.pt\/en\/uso-obrigatorio-de-mascara-5-questoes-acerca-da-sua-aplicacao-na-regiao-autonoma-da-madeira\/#primaryimage"},"image":{"@id":"https:\/\/mb-advogados.pt\/en\/uso-obrigatorio-de-mascara-5-questoes-acerca-da-sua-aplicacao-na-regiao-autonoma-da-madeira\/#primaryimage"},"thumbnailUrl":"https:\/\/i0.wp.com\/mb-advogados.pt\/wp\/wp-content\/uploads\/2020\/11\/m\u00e1scara-2-scaled.jpg?fit=1707%2C2560&ssl=1","datePublished":"2020-11-08T18:49:12+00:00","dateModified":"2020-11-08T18:49:12+00:00","author":{"@id":"https:\/\/mb-advogados.pt\/#\/schema\/person\/3e38d2eb6aa3940bbfacf5335ff86b10"},"breadcrumb":{"@id":"https:\/\/mb-advogados.pt\/en\/uso-obrigatorio-de-mascara-5-questoes-acerca-da-sua-aplicacao-na-regiao-autonoma-da-madeira\/#breadcrumb"},"inLanguage":"en-GB","potentialAction":[{"@type":"ReadAction","target":["https:\/\/mb-advogados.pt\/en\/uso-obrigatorio-de-mascara-5-questoes-acerca-da-sua-aplicacao-na-regiao-autonoma-da-madeira\/"]}]},{"@type":"ImageObject","inLanguage":"en-GB","@id":"https:\/\/mb-advogados.pt\/en\/uso-obrigatorio-de-mascara-5-questoes-acerca-da-sua-aplicacao-na-regiao-autonoma-da-madeira\/#primaryimage","url":"https:\/\/i0.wp.com\/mb-advogados.pt\/wp\/wp-content\/uploads\/2020\/11\/m\u00e1scara-2-scaled.jpg?fit=1707%2C2560&ssl=1","contentUrl":"https:\/\/i0.wp.com\/mb-advogados.pt\/wp\/wp-content\/uploads\/2020\/11\/m\u00e1scara-2-scaled.jpg?fit=1707%2C2560&ssl=1","width":1707,"height":2560},{"@type":"BreadcrumbList","@id":"https:\/\/mb-advogados.pt\/en\/uso-obrigatorio-de-mascara-5-questoes-acerca-da-sua-aplicacao-na-regiao-autonoma-da-madeira\/#breadcrumb","itemListElement":[{"@type":"ListItem","position":1,"name":"In\u00edcio","item":"https:\/\/mb-advogados.pt\/"},{"@type":"ListItem","position":2,"name":"Uso obrigat\u00f3rio de m\u00e1scara &#8211; 5 quest\u00f5es acerca da sua aplica\u00e7\u00e3o na Regi\u00e3o Aut\u00f3noma da Madeira"}]},{"@type":"WebSite","@id":"https:\/\/mb-advogados.pt\/#website","url":"https:\/\/mb-advogados.pt\/","name":"M|B Advogados","description":"Escrit\u00f3rio de Advogados no Funchal","potentialAction":[{"@type":"SearchAction","target":{"@type":"EntryPoint","urlTemplate":"https:\/\/mb-advogados.pt\/?s={search_term_string}"},"query-input":{"@type":"PropertyValueSpecification","valueRequired":true,"valueName":"search_term_string"}}],"inLanguage":"en-GB"},{"@type":"Person","@id":"https:\/\/mb-advogados.pt\/#\/schema\/person\/3e38d2eb6aa3940bbfacf5335ff86b10","name":"Hugo Ricardo Barradas","image":{"@type":"ImageObject","inLanguage":"en-GB","@id":"https:\/\/mb-advogados.pt\/#\/schema\/person\/image\/","url":"https:\/\/secure.gravatar.com\/avatar\/12c5f5d17e6618a186b50caaafe34e09?s=96&d=mm&r=g","contentUrl":"https:\/\/secure.gravatar.com\/avatar\/12c5f5d17e6618a186b50caaafe34e09?s=96&d=mm&r=g","caption":"Hugo Ricardo Barradas"}}]}},"jetpack_sharing_enabled":true,"jetpack_featured_media_url":"https:\/\/i0.wp.com\/mb-advogados.pt\/wp\/wp-content\/uploads\/2020\/11\/m\u00e1scara-2-scaled.jpg?fit=1707%2C2560&ssl=1","_links":{"self":[{"href":"https:\/\/mb-advogados.pt\/en\/wp-json\/wp\/v2\/posts\/930","targetHints":{"allow":["GET"]}}],"collection":[{"href":"https:\/\/mb-advogados.pt\/en\/wp-json\/wp\/v2\/posts"}],"about":[{"href":"https:\/\/mb-advogados.pt\/en\/wp-json\/wp\/v2\/types\/post"}],"author":[{"embeddable":true,"href":"https:\/\/mb-advogados.pt\/en\/wp-json\/wp\/v2\/users\/4"}],"replies":[{"embeddable":true,"href":"https:\/\/mb-advogados.pt\/en\/wp-json\/wp\/v2\/comments?post=930"}],"version-history":[{"count":3,"href":"https:\/\/mb-advogados.pt\/en\/wp-json\/wp\/v2\/posts\/930\/revisions"}],"predecessor-version":[{"id":934,"href":"https:\/\/mb-advogados.pt\/en\/wp-json\/wp\/v2\/posts\/930\/revisions\/934"}],"wp:featuredmedia":[{"embeddable":true,"href":"https:\/\/mb-advogados.pt\/en\/wp-json\/wp\/v2\/media\/931"}],"wp:attachment":[{"href":"https:\/\/mb-advogados.pt\/en\/wp-json\/wp\/v2\/media?parent=930"}],"wp:term":[{"taxonomy":"category","embeddable":true,"href":"https:\/\/mb-advogados.pt\/en\/wp-json\/wp\/v2\/categories?post=930"},{"taxonomy":"post_tag","embeddable":true,"href":"https:\/\/mb-advogados.pt\/en\/wp-json\/wp\/v2\/tags?post=930"}],"curies":[{"name":"wp","href":"https:\/\/api.w.org\/{rel}","templated":true}]}}