{"id":704,"date":"2020-03-16T19:08:05","date_gmt":"2020-03-16T19:08:05","guid":{"rendered":"https:\/\/mb-advogados.pt\/?p=704"},"modified":"2020-04-16T11:29:19","modified_gmt":"2020-04-16T10:29:19","slug":"para-os-trabalhadores-do-setor-privado-5-perguntas-e-respostas-sobre-o-seu-trabalho-e-o-covid-19","status":"publish","type":"post","link":"https:\/\/mb-advogados.pt\/en\/para-os-trabalhadores-do-setor-privado-5-perguntas-e-respostas-sobre-o-seu-trabalho-e-o-covid-19\/","title":{"rendered":"Para os trabalhadores do setor privado: 5 perguntas e respostas sobre o seu trabalho e o COVID-19"},"content":{"rendered":"<p>A chegada do novo coronav\u00edrus a Portugal, trouxe consigo uma nova realidade para a qual muitos n\u00e3o estavam preparados. O mercado de trabalho e as rela\u00e7\u00f5es entre trabalhadores e patr\u00f5es tamb\u00e9m s\u00e3o afectados pela COVID-19. Aqui fica o nosso contributo para esclarecer algumas das quest\u00f5es que t\u00eam surgido.<\/p>\n<p>&nbsp;<\/p>\n<p><strong>Durante este per\u00edodo, a empresa pode obrigar-me a tirar f\u00e9rias?<\/strong><\/p>\n<p>Normalmente, a marca\u00e7\u00e3o de f\u00e9rias resulta do acordo entre a entidade patronal e o trabalhador, embora a lei admita a possibilidade das f\u00e9rias serem marcadas de forma unilateral pelo empregador.<\/p>\n<p>No entanto, as circunst\u00e2ncias em que vivemos podem ser justifica\u00e7\u00e3o para que as entidades patronais obriguem os seus trabalhadores a gozar f\u00e9rias, atendendo \u00e0 redu\u00e7\u00e3o de atividade da empresa e de forma a que os seus postos de trabalho possam ser salvaguardados.<\/p>\n<p>Por fim, tenha sempre em conta a exist\u00eancia de regulamenta\u00e7\u00e3o coletiva que se aplique ao trabalho que desempenha e que pode ter indica\u00e7\u00f5es distintas quanto ao gozo de f\u00e9rias.<\/p>\n<p><strong><br \/>\nTendo em conta o perigo de cont\u00e1gio, posso trabalhar a partir de casa contra a vontade da entidade patronal?<\/strong><\/p>\n<p>O Decreto-Lei n.\u00ba 10-A\/2020, de 13 de Mar\u00e7o, embora n\u00e3o seja claro, tem vindo a ser interpretado como permitindo ao trabalhador o direito de exercer a sua atividade a partir de casa, ou seja, atrav\u00e9s do teletrabalho, mesmo sem autoriza\u00e7\u00e3o da entidade patronal.<\/p>\n<p>Ainda assim, a possibilidade de trabalhar a partir de casa estar\u00e1 sempre dependente da compatibilidade da atividade com o regime de teletrabalho. Naturalmente, existir\u00e3o atividades que n\u00e3o s\u00e3o compat\u00edveis com o trabalho a partir de casa e, nesse caso, a empresa pode recusar essa possibilidade ao trabalhador.<\/p>\n<p>Por fim, os trabalhadores que queiram exercer este direito devem faz\u00ea-lo atrav\u00e9s de informa\u00e7\u00e3o escrita dirigida \u00e0 entidade patronal, ainda que essa obriga\u00e7\u00e3o n\u00e3o conste do diploma aprovado pelo Governo da Rep\u00fablica.<\/p>\n<p><strong><br \/>\nCom o encerramento das escolas, tenho de ficar em casa a cuidar dos meus filhos. Posso faz\u00ea-lo? Serei penalizado no sal\u00e1rio por isso?<\/strong><\/p>\n<p>De acordo com an\u00fancio do Governo da Rep\u00fablica e do Governo Regional, todas as atividades escolares presenciais nas escolas de todos os n\u00edveis de ensino estar\u00e3o suspensas, desde 16 de Mar\u00e7o, com reavalia\u00e7\u00e3o prevista a 9 de Abril de 2020.<\/p>\n<p>Os trabalhadores que tenham que acompanhar os seus filhos ter\u00e3o as suas faltas justificadas, mas apenas para os filhos at\u00e9 12 anos de idade e se o teletrabalho n\u00e3o for uma possibilidade. Na pr\u00e1tica, se passar a trabalhar a partir de casa ou se o seu filho tiver mais de 12 anos, n\u00e3o beneficia deste regime de acompanhamento.<\/p>\n<p>Se estiver enquadrado neste regime, saiba pode beneficiar de um apoio financeiro equivalente a 66% da sua remunera\u00e7\u00e3o base, exclu\u00eddos subs\u00eddios e outros complementos. No entanto, importa sublinhar que o trabalhador receber\u00e1, no m\u00ednimo, o sal\u00e1rio m\u00ednimo regional, ou seja, 650,88 Euros. Por fim, importa relembrar que este regime apenas pode ser usufru\u00eddo por um dos progenitores.<\/p>\n<p><strong><br \/>\nA minha entidade patronal pediu-me para viajar, em trabalho, para fora de Portugal. Posso recusar-me a faz\u00ea-lo?<\/strong><\/p>\n<p>As entidades patronais t\u00eam poderes de dire\u00e7\u00e3o e disciplina sobre os seus trabalhadores, podendo dar-lhes instru\u00e7\u00f5es e sancionar aqueles que n\u00e3o as cumpram. No entanto, esse n\u00e3o \u00e9 um poder absoluto.<\/p>\n<p>Quanto \u00e0s desloca\u00e7\u00f5es por raz\u00f5es de trabalho, nomeadamente aquelas que impliquem a viagem para um pa\u00eds estrangeiro, somos da opini\u00e3o que o trabalhador pode recusar-se a cumprir essa ordem. Assim ser\u00e1, tendo em conta que a Organiza\u00e7\u00e3o Mundial de Sa\u00fade classificou a COVID-19 como uma pandemia, o que pode levar o trabalhador a considerar que a presen\u00e7a em espa\u00e7os como aeroportos, avi\u00f5es, entre outros, coloca em causa a sua sa\u00fade e bem-estar.<\/p>\n<p>Neste sentido, pode o trabalhador recusar a presta\u00e7\u00e3o de trabalho em condi\u00e7\u00f5es que colocam em causa a sua integridade f\u00edsica, nomeadamente por implicar uma exposi\u00e7\u00e3o ao cont\u00e1gio com o novo coronav\u00edrus.<\/p>\n<p><strong><br \/>\nPosso recusar-me a ir trabalhar, porque tenho receio de cont\u00e1gio no local de trabalho?<\/strong><\/p>\n<p>N\u00e3o, salvo situa\u00e7\u00f5es espec\u00edficas e bem justificadas, o trabalhador n\u00e3o pode recusar-se a trabalhar apenas com esse fundamento.<\/p>\n<p>Todavia, \u00e9 obriga\u00e7\u00e3o da entidade patronal promover todas as medidas necess\u00e1rias para assegurar a sa\u00fade e o bem-estar dos seus trabalhadores. Nesse sentido, \u00e9 recomendado que as empresas elaborem um Plano de Conting\u00eancia espec\u00edfico para o COVID-19, o qual dever\u00e1 ser divulgado a todos os trabalhadores.<\/p>\n<p>Esse plano de conting\u00eancia dever\u00e1 ter em conta tr\u00eas pontos essenciais:<\/p>\n<ol>\n<li>prepara\u00e7\u00e3o para eventual caso de COVID-19 nos trabalhadores;<\/li>\n<li>procedimentos a adotar na eventualidade de um caso suspeito;<\/li>\n<li>identifica\u00e7\u00e3o dos efeitos que a COVID-19 poder\u00e1 causar na atividade.<\/li>\n<\/ol>","protected":false},"excerpt":{"rendered":"<p>A chegada do novo coronav\u00edrus a Portugal, trouxe consigo uma nova realidade para a qual muitos n\u00e3o estavam preparados. O mercado de trabalho e as rela\u00e7\u00f5es entre trabalhadores e patr\u00f5es tamb\u00e9m s\u00e3o afectados pela COVID-19. Aqui fica o nosso contributo para esclarecer algumas das quest\u00f5es que t\u00eam surgido. &nbsp; Durante este per\u00edodo, a empresa pode [&hellip;]<\/p>","protected":false},"author":5,"featured_media":705,"comment_status":"closed","ping_status":"closed","sticky":false,"template":"","format":"standard","meta":{"_et_pb_use_builder":"","_et_pb_old_content":"","_et_gb_content_width":"","_jetpack_memberships_contains_paid_content":false,"footnotes":""},"categories":[5],"tags":[],"class_list":["post-704","post","type-post","status-publish","format-standard","has-post-thumbnail","hentry","category-artigos"],"yoast_head":"<!-- This site is optimized with the Yoast SEO plugin v24.1 - https:\/\/yoast.com\/wordpress\/plugins\/seo\/ -->\n<title>Para os trabalhadores do setor privado: 5 perguntas e respostas sobre o seu trabalho e o COVID-19 - M|B Advogados<\/title>\n<meta name=\"robots\" content=\"index, follow, max-snippet:-1, max-image-preview:large, max-video-preview:-1\" \/>\n<link rel=\"canonical\" href=\"https:\/\/mb-advogados.pt\/en\/para-os-trabalhadores-do-setor-privado-5-perguntas-e-respostas-sobre-o-seu-trabalho-e-o-covid-19\/\" \/>\n<meta property=\"og:locale\" content=\"en_GB\" \/>\n<meta property=\"og:type\" content=\"article\" \/>\n<meta property=\"og:title\" content=\"Para os trabalhadores do setor privado: 5 perguntas e respostas sobre o seu trabalho e o COVID-19 - M|B Advogados\" \/>\n<meta property=\"og:description\" content=\"A chegada do novo coronav\u00edrus a Portugal, trouxe consigo uma nova realidade para a qual muitos n\u00e3o estavam preparados. O mercado de trabalho e as rela\u00e7\u00f5es entre trabalhadores e patr\u00f5es tamb\u00e9m s\u00e3o afectados pela COVID-19. Aqui fica o nosso contributo para esclarecer algumas das quest\u00f5es que t\u00eam surgido. &nbsp; Durante este per\u00edodo, a empresa pode [&hellip;]\" \/>\n<meta property=\"og:url\" content=\"https:\/\/mb-advogados.pt\/en\/para-os-trabalhadores-do-setor-privado-5-perguntas-e-respostas-sobre-o-seu-trabalho-e-o-covid-19\/\" \/>\n<meta property=\"og:site_name\" content=\"M|B Advogados\" \/>\n<meta property=\"article:publisher\" content=\"https:\/\/www.facebook.com\/marquesbarradasadv\" \/>\n<meta property=\"article:published_time\" content=\"2020-03-16T19:08:05+00:00\" \/>\n<meta property=\"article:modified_time\" content=\"2020-04-16T10:29:19+00:00\" \/>\n<meta property=\"og:image\" content=\"https:\/\/i0.wp.com\/mb-advogados.pt\/wp\/wp-content\/uploads\/2020\/03\/space-desk-workspace-coworking.jpg?fit=1880%2C1245&ssl=1\" \/>\n\t<meta property=\"og:image:width\" content=\"1880\" \/>\n\t<meta property=\"og:image:height\" content=\"1245\" \/>\n\t<meta property=\"og:image:type\" content=\"image\/jpeg\" \/>\n<meta name=\"author\" content=\"Jo\u00e3o Paulo Marques\" \/>\n<meta name=\"twitter:card\" content=\"summary_large_image\" \/>\n<meta name=\"twitter:label1\" content=\"Written by\" \/>\n\t<meta name=\"twitter:data1\" content=\"Jo\u00e3o Paulo Marques\" \/>\n\t<meta name=\"twitter:label2\" content=\"Estimated reading time\" \/>\n\t<meta name=\"twitter:data2\" content=\"4 minutes\" \/>\n<script type=\"application\/ld+json\" class=\"yoast-schema-graph\">{\"@context\":\"https:\/\/schema.org\",\"@graph\":[{\"@type\":\"WebPage\",\"@id\":\"https:\/\/mb-advogados.pt\/en\/para-os-trabalhadores-do-setor-privado-5-perguntas-e-respostas-sobre-o-seu-trabalho-e-o-covid-19\/\",\"url\":\"https:\/\/mb-advogados.pt\/en\/para-os-trabalhadores-do-setor-privado-5-perguntas-e-respostas-sobre-o-seu-trabalho-e-o-covid-19\/\",\"name\":\"Para os trabalhadores do setor privado: 5 perguntas e respostas sobre o seu trabalho e o COVID-19 - M|B Advogados\",\"isPartOf\":{\"@id\":\"https:\/\/mb-advogados.pt\/#website\"},\"primaryImageOfPage\":{\"@id\":\"https:\/\/mb-advogados.pt\/en\/para-os-trabalhadores-do-setor-privado-5-perguntas-e-respostas-sobre-o-seu-trabalho-e-o-covid-19\/#primaryimage\"},\"image\":{\"@id\":\"https:\/\/mb-advogados.pt\/en\/para-os-trabalhadores-do-setor-privado-5-perguntas-e-respostas-sobre-o-seu-trabalho-e-o-covid-19\/#primaryimage\"},\"thumbnailUrl\":\"https:\/\/i0.wp.com\/mb-advogados.pt\/wp\/wp-content\/uploads\/2020\/03\/space-desk-workspace-coworking.jpg?fit=1880%2C1245&ssl=1\",\"datePublished\":\"2020-03-16T19:08:05+00:00\",\"dateModified\":\"2020-04-16T10:29:19+00:00\",\"author\":{\"@id\":\"https:\/\/mb-advogados.pt\/#\/schema\/person\/c2f477c6b1bb7de611ce5ef46855acb7\"},\"breadcrumb\":{\"@id\":\"https:\/\/mb-advogados.pt\/en\/para-os-trabalhadores-do-setor-privado-5-perguntas-e-respostas-sobre-o-seu-trabalho-e-o-covid-19\/#breadcrumb\"},\"inLanguage\":\"en-GB\",\"potentialAction\":[{\"@type\":\"ReadAction\",\"target\":[\"https:\/\/mb-advogados.pt\/en\/para-os-trabalhadores-do-setor-privado-5-perguntas-e-respostas-sobre-o-seu-trabalho-e-o-covid-19\/\"]}]},{\"@type\":\"ImageObject\",\"inLanguage\":\"en-GB\",\"@id\":\"https:\/\/mb-advogados.pt\/en\/para-os-trabalhadores-do-setor-privado-5-perguntas-e-respostas-sobre-o-seu-trabalho-e-o-covid-19\/#primaryimage\",\"url\":\"https:\/\/i0.wp.com\/mb-advogados.pt\/wp\/wp-content\/uploads\/2020\/03\/space-desk-workspace-coworking.jpg?fit=1880%2C1245&ssl=1\",\"contentUrl\":\"https:\/\/i0.wp.com\/mb-advogados.pt\/wp\/wp-content\/uploads\/2020\/03\/space-desk-workspace-coworking.jpg?fit=1880%2C1245&ssl=1\",\"width\":1880,\"height\":1245},{\"@type\":\"BreadcrumbList\",\"@id\":\"https:\/\/mb-advogados.pt\/en\/para-os-trabalhadores-do-setor-privado-5-perguntas-e-respostas-sobre-o-seu-trabalho-e-o-covid-19\/#breadcrumb\",\"itemListElement\":[{\"@type\":\"ListItem\",\"position\":1,\"name\":\"In\u00edcio\",\"item\":\"https:\/\/mb-advogados.pt\/\"},{\"@type\":\"ListItem\",\"position\":2,\"name\":\"Para os trabalhadores do setor privado: 5 perguntas e respostas sobre o seu trabalho e o COVID-19\"}]},{\"@type\":\"WebSite\",\"@id\":\"https:\/\/mb-advogados.pt\/#website\",\"url\":\"https:\/\/mb-advogados.pt\/\",\"name\":\"M|B Advogados\",\"description\":\"Escrit\u00f3rio de Advogados no Funchal\",\"potentialAction\":[{\"@type\":\"SearchAction\",\"target\":{\"@type\":\"EntryPoint\",\"urlTemplate\":\"https:\/\/mb-advogados.pt\/?s={search_term_string}\"},\"query-input\":{\"@type\":\"PropertyValueSpecification\",\"valueRequired\":true,\"valueName\":\"search_term_string\"}}],\"inLanguage\":\"en-GB\"},{\"@type\":\"Person\",\"@id\":\"https:\/\/mb-advogados.pt\/#\/schema\/person\/c2f477c6b1bb7de611ce5ef46855acb7\",\"name\":\"Jo\u00e3o Paulo Marques\",\"image\":{\"@type\":\"ImageObject\",\"inLanguage\":\"en-GB\",\"@id\":\"https:\/\/mb-advogados.pt\/#\/schema\/person\/image\/\",\"url\":\"https:\/\/secure.gravatar.com\/avatar\/24c62e71333f271335c6be9360cffb3f?s=96&d=mm&r=g\",\"contentUrl\":\"https:\/\/secure.gravatar.com\/avatar\/24c62e71333f271335c6be9360cffb3f?s=96&d=mm&r=g\",\"caption\":\"Jo\u00e3o Paulo Marques\"}}]}<\/script>\n<!-- \/ Yoast SEO plugin. -->","yoast_head_json":{"title":"Para os trabalhadores do setor privado: 5 perguntas e respostas sobre o seu trabalho e o COVID-19 - M|B Advogados","robots":{"index":"index","follow":"follow","max-snippet":"max-snippet:-1","max-image-preview":"max-image-preview:large","max-video-preview":"max-video-preview:-1"},"canonical":"https:\/\/mb-advogados.pt\/en\/para-os-trabalhadores-do-setor-privado-5-perguntas-e-respostas-sobre-o-seu-trabalho-e-o-covid-19\/","og_locale":"en_GB","og_type":"article","og_title":"Para os trabalhadores do setor privado: 5 perguntas e respostas sobre o seu trabalho e o COVID-19 - M|B Advogados","og_description":"A chegada do novo coronav\u00edrus a Portugal, trouxe consigo uma nova realidade para a qual muitos n\u00e3o estavam preparados. O mercado de trabalho e as rela\u00e7\u00f5es entre trabalhadores e patr\u00f5es tamb\u00e9m s\u00e3o afectados pela COVID-19. Aqui fica o nosso contributo para esclarecer algumas das quest\u00f5es que t\u00eam surgido. &nbsp; Durante este per\u00edodo, a empresa pode [&hellip;]","og_url":"https:\/\/mb-advogados.pt\/en\/para-os-trabalhadores-do-setor-privado-5-perguntas-e-respostas-sobre-o-seu-trabalho-e-o-covid-19\/","og_site_name":"M|B Advogados","article_publisher":"https:\/\/www.facebook.com\/marquesbarradasadv","article_published_time":"2020-03-16T19:08:05+00:00","article_modified_time":"2020-04-16T10:29:19+00:00","og_image":[{"width":1880,"height":1245,"url":"https:\/\/i0.wp.com\/mb-advogados.pt\/wp\/wp-content\/uploads\/2020\/03\/space-desk-workspace-coworking.jpg?fit=1880%2C1245&ssl=1","type":"image\/jpeg"}],"author":"Jo\u00e3o Paulo Marques","twitter_card":"summary_large_image","twitter_misc":{"Written by":"Jo\u00e3o Paulo Marques","Estimated reading time":"4 minutes"},"schema":{"@context":"https:\/\/schema.org","@graph":[{"@type":"WebPage","@id":"https:\/\/mb-advogados.pt\/en\/para-os-trabalhadores-do-setor-privado-5-perguntas-e-respostas-sobre-o-seu-trabalho-e-o-covid-19\/","url":"https:\/\/mb-advogados.pt\/en\/para-os-trabalhadores-do-setor-privado-5-perguntas-e-respostas-sobre-o-seu-trabalho-e-o-covid-19\/","name":"Para os trabalhadores do setor privado: 5 perguntas e respostas sobre o seu trabalho e o COVID-19 - M|B Advogados","isPartOf":{"@id":"https:\/\/mb-advogados.pt\/#website"},"primaryImageOfPage":{"@id":"https:\/\/mb-advogados.pt\/en\/para-os-trabalhadores-do-setor-privado-5-perguntas-e-respostas-sobre-o-seu-trabalho-e-o-covid-19\/#primaryimage"},"image":{"@id":"https:\/\/mb-advogados.pt\/en\/para-os-trabalhadores-do-setor-privado-5-perguntas-e-respostas-sobre-o-seu-trabalho-e-o-covid-19\/#primaryimage"},"thumbnailUrl":"https:\/\/i0.wp.com\/mb-advogados.pt\/wp\/wp-content\/uploads\/2020\/03\/space-desk-workspace-coworking.jpg?fit=1880%2C1245&ssl=1","datePublished":"2020-03-16T19:08:05+00:00","dateModified":"2020-04-16T10:29:19+00:00","author":{"@id":"https:\/\/mb-advogados.pt\/#\/schema\/person\/c2f477c6b1bb7de611ce5ef46855acb7"},"breadcrumb":{"@id":"https:\/\/mb-advogados.pt\/en\/para-os-trabalhadores-do-setor-privado-5-perguntas-e-respostas-sobre-o-seu-trabalho-e-o-covid-19\/#breadcrumb"},"inLanguage":"en-GB","potentialAction":[{"@type":"ReadAction","target":["https:\/\/mb-advogados.pt\/en\/para-os-trabalhadores-do-setor-privado-5-perguntas-e-respostas-sobre-o-seu-trabalho-e-o-covid-19\/"]}]},{"@type":"ImageObject","inLanguage":"en-GB","@id":"https:\/\/mb-advogados.pt\/en\/para-os-trabalhadores-do-setor-privado-5-perguntas-e-respostas-sobre-o-seu-trabalho-e-o-covid-19\/#primaryimage","url":"https:\/\/i0.wp.com\/mb-advogados.pt\/wp\/wp-content\/uploads\/2020\/03\/space-desk-workspace-coworking.jpg?fit=1880%2C1245&ssl=1","contentUrl":"https:\/\/i0.wp.com\/mb-advogados.pt\/wp\/wp-content\/uploads\/2020\/03\/space-desk-workspace-coworking.jpg?fit=1880%2C1245&ssl=1","width":1880,"height":1245},{"@type":"BreadcrumbList","@id":"https:\/\/mb-advogados.pt\/en\/para-os-trabalhadores-do-setor-privado-5-perguntas-e-respostas-sobre-o-seu-trabalho-e-o-covid-19\/#breadcrumb","itemListElement":[{"@type":"ListItem","position":1,"name":"In\u00edcio","item":"https:\/\/mb-advogados.pt\/"},{"@type":"ListItem","position":2,"name":"Para os trabalhadores do setor privado: 5 perguntas e respostas sobre o seu trabalho e o COVID-19"}]},{"@type":"WebSite","@id":"https:\/\/mb-advogados.pt\/#website","url":"https:\/\/mb-advogados.pt\/","name":"M|B Advogados","description":"Escrit\u00f3rio de Advogados no Funchal","potentialAction":[{"@type":"SearchAction","target":{"@type":"EntryPoint","urlTemplate":"https:\/\/mb-advogados.pt\/?s={search_term_string}"},"query-input":{"@type":"PropertyValueSpecification","valueRequired":true,"valueName":"search_term_string"}}],"inLanguage":"en-GB"},{"@type":"Person","@id":"https:\/\/mb-advogados.pt\/#\/schema\/person\/c2f477c6b1bb7de611ce5ef46855acb7","name":"Jo\u00e3o Paulo Marques","image":{"@type":"ImageObject","inLanguage":"en-GB","@id":"https:\/\/mb-advogados.pt\/#\/schema\/person\/image\/","url":"https:\/\/secure.gravatar.com\/avatar\/24c62e71333f271335c6be9360cffb3f?s=96&d=mm&r=g","contentUrl":"https:\/\/secure.gravatar.com\/avatar\/24c62e71333f271335c6be9360cffb3f?s=96&d=mm&r=g","caption":"Jo\u00e3o Paulo Marques"}}]}},"jetpack_sharing_enabled":true,"jetpack_featured_media_url":"https:\/\/i0.wp.com\/mb-advogados.pt\/wp\/wp-content\/uploads\/2020\/03\/space-desk-workspace-coworking.jpg?fit=1880%2C1245&ssl=1","_links":{"self":[{"href":"https:\/\/mb-advogados.pt\/en\/wp-json\/wp\/v2\/posts\/704","targetHints":{"allow":["GET"]}}],"collection":[{"href":"https:\/\/mb-advogados.pt\/en\/wp-json\/wp\/v2\/posts"}],"about":[{"href":"https:\/\/mb-advogados.pt\/en\/wp-json\/wp\/v2\/types\/post"}],"author":[{"embeddable":true,"href":"https:\/\/mb-advogados.pt\/en\/wp-json\/wp\/v2\/users\/5"}],"replies":[{"embeddable":true,"href":"https:\/\/mb-advogados.pt\/en\/wp-json\/wp\/v2\/comments?post=704"}],"version-history":[{"count":0,"href":"https:\/\/mb-advogados.pt\/en\/wp-json\/wp\/v2\/posts\/704\/revisions"}],"wp:featuredmedia":[{"embeddable":true,"href":"https:\/\/mb-advogados.pt\/en\/wp-json\/wp\/v2\/media\/705"}],"wp:attachment":[{"href":"https:\/\/mb-advogados.pt\/en\/wp-json\/wp\/v2\/media?parent=704"}],"wp:term":[{"taxonomy":"category","embeddable":true,"href":"https:\/\/mb-advogados.pt\/en\/wp-json\/wp\/v2\/categories?post=704"},{"taxonomy":"post_tag","embeddable":true,"href":"https:\/\/mb-advogados.pt\/en\/wp-json\/wp\/v2\/tags?post=704"}],"curies":[{"name":"wp","href":"https:\/\/api.w.org\/{rel}","templated":true}]}}