{"id":646,"date":"2019-10-15T15:00:08","date_gmt":"2019-10-15T14:00:08","guid":{"rendered":"https:\/\/mb-advogados.pt\/?p=646"},"modified":"2020-04-16T11:30:03","modified_gmt":"2020-04-16T10:30:03","slug":"a-nova-lei-dos-saldos-e-os-direitos-dos-consumidores","status":"publish","type":"post","link":"https:\/\/mb-advogados.pt\/en\/a-nova-lei-dos-saldos-e-os-direitos-dos-consumidores\/","title":{"rendered":"A nova Lei dos Saldos e os direitos dos consumidores"},"content":{"rendered":"<p>O Decreto-Lei n.\u00ba 109\/2019, de 14 de Agosto de 2019, introduz novos procedimentos que os comerciantes devem observar sempre que pretendam realizar vendas em saldo ou em liquida\u00e7\u00e3o, alterando o Decreto-Lei n.\u00ba 70\/2007, de 26 de Mar\u00e7o, que Regula as Pr\u00e1ticas Comerciais com redu\u00e7\u00e3o de pre\u00e7o.<\/p>\n<p>Do novo regime jur\u00eddico, destacam-se a concretiza\u00e7\u00e3o de dois conceitos, que balizam a pr\u00e1tica comercial de venda com redu\u00e7\u00e3o de pre\u00e7o:<\/p>\n<ul>\n<li><strong>Pre\u00e7o mais baixo anteriormente praticado<\/strong> &#8211; o pre\u00e7o mais baixo a que o produto foi vendido, fora de eventuais per\u00edodos de saldo ou de promo\u00e7\u00e3o, nos 90 dias anteriores ao dia em que \u00e9 posto \u00e0 venda em saldo ou em promo\u00e7\u00e3o;<\/li>\n<li><strong>Percentagem de redu\u00e7\u00e3o <\/strong>&#8211; a percentagem de redu\u00e7\u00e3o relativamente ao pre\u00e7o mais baixo anteriormente praticado ou, tratando-se de um produto n\u00e3o comercializado anteriormente pelo agente econ\u00f3mico naquele estabelecimento, relativamente ao pre\u00e7o a praticar ap\u00f3s o per\u00edodo de redu\u00e7\u00e3o.<\/li>\n<\/ul>\n<p>A lei imp\u00f5e aos operadores econ\u00f3micos que redu\u00e7\u00e3o de pre\u00e7o anunciada seja real, por refer\u00eancia ao pre\u00e7o mais baixo anteriormente praticado para o mesmo produto ou, quando se trate de um produto n\u00e3o comercializado anteriormente pelo agente econ\u00f3mico, por refer\u00eancia ao pre\u00e7o a praticar ap\u00f3s o per\u00edodo de redu\u00e7\u00e3o.<\/p>\n<p>A venda em saldos pode realizar-se em qualquer per\u00edodo do ano, desde que n\u00e3o ultrapasse, no seu conjunto, a dura\u00e7\u00e3o de 124 dias por ano.<\/p>\n<p>A venda com redu\u00e7\u00e3o de pre\u00e7o est\u00e1 sujeita a uma declara\u00e7\u00e3o emitida pelo operador econ\u00f3mico dirigida \u00e0 Autoridade de Seguran\u00e7a Alimentar e Econ\u00f3mica (ASAE), no caso dos operadores objeto de fiscaliza\u00e7\u00e3o no territ\u00f3rio de Portugal continental, ou \u00e0 Autoridade Regional das Atividades Econ\u00f3micas (ARAE), no caso dos operadores objeto de fiscaliza\u00e7\u00e3o na Regi\u00e3o Aut\u00f3noma da Madeira.<\/p>","protected":false},"excerpt":{"rendered":"<p>O Decreto-Lei n.\u00ba 109\/2019, de 14 de Agosto de 2019, introduz novos procedimentos que os comerciantes devem observar sempre que pretendam realizar vendas em saldo ou em liquida\u00e7\u00e3o, alterando o Decreto-Lei n.\u00ba 70\/2007, de 26 de Mar\u00e7o, que Regula as Pr\u00e1ticas Comerciais com redu\u00e7\u00e3o de pre\u00e7o. Do novo regime jur\u00eddico, destacam-se a concretiza\u00e7\u00e3o de dois [&hellip;]<\/p>","protected":false},"author":4,"featured_media":647,"comment_status":"closed","ping_status":"closed","sticky":false,"template":"","format":"standard","meta":{"_et_pb_use_builder":"","_et_pb_old_content":"","_et_gb_content_width":"","_jetpack_memberships_contains_paid_content":false,"footnotes":""},"categories":[5],"tags":[],"class_list":["post-646","post","type-post","status-publish","format-standard","has-post-thumbnail","hentry","category-artigos"],"yoast_head":"<!-- This site is optimized with the Yoast SEO plugin v24.1 - https:\/\/yoast.com\/wordpress\/plugins\/seo\/ -->\n<title>A nova Lei dos Saldos e os direitos dos consumidores - M|B Advogados<\/title>\n<meta name=\"robots\" content=\"index, follow, max-snippet:-1, max-image-preview:large, max-video-preview:-1\" \/>\n<link rel=\"canonical\" href=\"https:\/\/mb-advogados.pt\/en\/a-nova-lei-dos-saldos-e-os-direitos-dos-consumidores\/\" \/>\n<meta property=\"og:locale\" content=\"en_GB\" \/>\n<meta property=\"og:type\" content=\"article\" \/>\n<meta property=\"og:title\" content=\"A nova Lei dos Saldos e os direitos dos consumidores - M|B Advogados\" \/>\n<meta property=\"og:description\" content=\"O Decreto-Lei n.\u00ba 109\/2019, de 14 de Agosto de 2019, introduz novos procedimentos que os comerciantes devem observar sempre que pretendam realizar vendas em saldo ou em liquida\u00e7\u00e3o, alterando o Decreto-Lei n.\u00ba 70\/2007, de 26 de Mar\u00e7o, que Regula as Pr\u00e1ticas Comerciais com redu\u00e7\u00e3o de pre\u00e7o. Do novo regime jur\u00eddico, destacam-se a concretiza\u00e7\u00e3o de dois [&hellip;]\" \/>\n<meta property=\"og:url\" content=\"https:\/\/mb-advogados.pt\/en\/a-nova-lei-dos-saldos-e-os-direitos-dos-consumidores\/\" \/>\n<meta property=\"og:site_name\" content=\"M|B Advogados\" \/>\n<meta property=\"article:publisher\" content=\"https:\/\/www.facebook.com\/marquesbarradasadv\" \/>\n<meta property=\"article:published_time\" content=\"2019-10-15T14:00:08+00:00\" \/>\n<meta property=\"article:modified_time\" content=\"2020-04-16T10:30:03+00:00\" \/>\n<meta property=\"og:image\" content=\"https:\/\/i0.wp.com\/mb-advogados.pt\/wp\/wp-content\/uploads\/2019\/10\/pexels-photo-264554.jpeg?fit=3375%2C2250&ssl=1\" \/>\n\t<meta property=\"og:image:width\" content=\"3375\" \/>\n\t<meta property=\"og:image:height\" content=\"2250\" \/>\n\t<meta property=\"og:image:type\" content=\"image\/jpeg\" \/>\n<meta name=\"author\" content=\"Hugo Ricardo Barradas\" \/>\n<meta name=\"twitter:card\" content=\"summary_large_image\" \/>\n<meta name=\"twitter:label1\" content=\"Written by\" \/>\n\t<meta name=\"twitter:data1\" content=\"Hugo Ricardo Barradas\" \/>\n\t<meta name=\"twitter:label2\" content=\"Estimated reading time\" \/>\n\t<meta name=\"twitter:data2\" content=\"2 minutes\" \/>\n<script type=\"application\/ld+json\" class=\"yoast-schema-graph\">{\"@context\":\"https:\/\/schema.org\",\"@graph\":[{\"@type\":\"WebPage\",\"@id\":\"https:\/\/mb-advogados.pt\/en\/a-nova-lei-dos-saldos-e-os-direitos-dos-consumidores\/\",\"url\":\"https:\/\/mb-advogados.pt\/en\/a-nova-lei-dos-saldos-e-os-direitos-dos-consumidores\/\",\"name\":\"A nova Lei dos Saldos e os direitos dos consumidores - M|B Advogados\",\"isPartOf\":{\"@id\":\"https:\/\/mb-advogados.pt\/#website\"},\"primaryImageOfPage\":{\"@id\":\"https:\/\/mb-advogados.pt\/en\/a-nova-lei-dos-saldos-e-os-direitos-dos-consumidores\/#primaryimage\"},\"image\":{\"@id\":\"https:\/\/mb-advogados.pt\/en\/a-nova-lei-dos-saldos-e-os-direitos-dos-consumidores\/#primaryimage\"},\"thumbnailUrl\":\"https:\/\/i0.wp.com\/mb-advogados.pt\/wp\/wp-content\/uploads\/2019\/10\/pexels-photo-264554.jpeg?fit=3375%2C2250&ssl=1\",\"datePublished\":\"2019-10-15T14:00:08+00:00\",\"dateModified\":\"2020-04-16T10:30:03+00:00\",\"author\":{\"@id\":\"https:\/\/mb-advogados.pt\/#\/schema\/person\/3e38d2eb6aa3940bbfacf5335ff86b10\"},\"breadcrumb\":{\"@id\":\"https:\/\/mb-advogados.pt\/en\/a-nova-lei-dos-saldos-e-os-direitos-dos-consumidores\/#breadcrumb\"},\"inLanguage\":\"en-GB\",\"potentialAction\":[{\"@type\":\"ReadAction\",\"target\":[\"https:\/\/mb-advogados.pt\/en\/a-nova-lei-dos-saldos-e-os-direitos-dos-consumidores\/\"]}]},{\"@type\":\"ImageObject\",\"inLanguage\":\"en-GB\",\"@id\":\"https:\/\/mb-advogados.pt\/en\/a-nova-lei-dos-saldos-e-os-direitos-dos-consumidores\/#primaryimage\",\"url\":\"https:\/\/i0.wp.com\/mb-advogados.pt\/wp\/wp-content\/uploads\/2019\/10\/pexels-photo-264554.jpeg?fit=3375%2C2250&ssl=1\",\"contentUrl\":\"https:\/\/i0.wp.com\/mb-advogados.pt\/wp\/wp-content\/uploads\/2019\/10\/pexels-photo-264554.jpeg?fit=3375%2C2250&ssl=1\",\"width\":3375,\"height\":2250},{\"@type\":\"BreadcrumbList\",\"@id\":\"https:\/\/mb-advogados.pt\/en\/a-nova-lei-dos-saldos-e-os-direitos-dos-consumidores\/#breadcrumb\",\"itemListElement\":[{\"@type\":\"ListItem\",\"position\":1,\"name\":\"In\u00edcio\",\"item\":\"https:\/\/mb-advogados.pt\/\"},{\"@type\":\"ListItem\",\"position\":2,\"name\":\"A nova Lei dos Saldos e os direitos dos consumidores\"}]},{\"@type\":\"WebSite\",\"@id\":\"https:\/\/mb-advogados.pt\/#website\",\"url\":\"https:\/\/mb-advogados.pt\/\",\"name\":\"M|B Advogados\",\"description\":\"Escrit\u00f3rio de Advogados no Funchal\",\"potentialAction\":[{\"@type\":\"SearchAction\",\"target\":{\"@type\":\"EntryPoint\",\"urlTemplate\":\"https:\/\/mb-advogados.pt\/?s={search_term_string}\"},\"query-input\":{\"@type\":\"PropertyValueSpecification\",\"valueRequired\":true,\"valueName\":\"search_term_string\"}}],\"inLanguage\":\"en-GB\"},{\"@type\":\"Person\",\"@id\":\"https:\/\/mb-advogados.pt\/#\/schema\/person\/3e38d2eb6aa3940bbfacf5335ff86b10\",\"name\":\"Hugo Ricardo Barradas\",\"image\":{\"@type\":\"ImageObject\",\"inLanguage\":\"en-GB\",\"@id\":\"https:\/\/mb-advogados.pt\/#\/schema\/person\/image\/\",\"url\":\"https:\/\/secure.gravatar.com\/avatar\/12c5f5d17e6618a186b50caaafe34e09?s=96&d=mm&r=g\",\"contentUrl\":\"https:\/\/secure.gravatar.com\/avatar\/12c5f5d17e6618a186b50caaafe34e09?s=96&d=mm&r=g\",\"caption\":\"Hugo Ricardo Barradas\"}}]}<\/script>\n<!-- \/ Yoast SEO plugin. -->","yoast_head_json":{"title":"A nova Lei dos Saldos e os direitos dos consumidores - M|B Advogados","robots":{"index":"index","follow":"follow","max-snippet":"max-snippet:-1","max-image-preview":"max-image-preview:large","max-video-preview":"max-video-preview:-1"},"canonical":"https:\/\/mb-advogados.pt\/en\/a-nova-lei-dos-saldos-e-os-direitos-dos-consumidores\/","og_locale":"en_GB","og_type":"article","og_title":"A nova Lei dos Saldos e os direitos dos consumidores - M|B Advogados","og_description":"O Decreto-Lei n.\u00ba 109\/2019, de 14 de Agosto de 2019, introduz novos procedimentos que os comerciantes devem observar sempre que pretendam realizar vendas em saldo ou em liquida\u00e7\u00e3o, alterando o Decreto-Lei n.\u00ba 70\/2007, de 26 de Mar\u00e7o, que Regula as Pr\u00e1ticas Comerciais com redu\u00e7\u00e3o de pre\u00e7o. Do novo regime jur\u00eddico, destacam-se a concretiza\u00e7\u00e3o de dois [&hellip;]","og_url":"https:\/\/mb-advogados.pt\/en\/a-nova-lei-dos-saldos-e-os-direitos-dos-consumidores\/","og_site_name":"M|B Advogados","article_publisher":"https:\/\/www.facebook.com\/marquesbarradasadv","article_published_time":"2019-10-15T14:00:08+00:00","article_modified_time":"2020-04-16T10:30:03+00:00","og_image":[{"width":3375,"height":2250,"url":"https:\/\/i0.wp.com\/mb-advogados.pt\/wp\/wp-content\/uploads\/2019\/10\/pexels-photo-264554.jpeg?fit=3375%2C2250&ssl=1","type":"image\/jpeg"}],"author":"Hugo Ricardo Barradas","twitter_card":"summary_large_image","twitter_misc":{"Written by":"Hugo Ricardo Barradas","Estimated reading time":"2 minutes"},"schema":{"@context":"https:\/\/schema.org","@graph":[{"@type":"WebPage","@id":"https:\/\/mb-advogados.pt\/en\/a-nova-lei-dos-saldos-e-os-direitos-dos-consumidores\/","url":"https:\/\/mb-advogados.pt\/en\/a-nova-lei-dos-saldos-e-os-direitos-dos-consumidores\/","name":"A nova Lei dos Saldos e os direitos dos consumidores - M|B Advogados","isPartOf":{"@id":"https:\/\/mb-advogados.pt\/#website"},"primaryImageOfPage":{"@id":"https:\/\/mb-advogados.pt\/en\/a-nova-lei-dos-saldos-e-os-direitos-dos-consumidores\/#primaryimage"},"image":{"@id":"https:\/\/mb-advogados.pt\/en\/a-nova-lei-dos-saldos-e-os-direitos-dos-consumidores\/#primaryimage"},"thumbnailUrl":"https:\/\/i0.wp.com\/mb-advogados.pt\/wp\/wp-content\/uploads\/2019\/10\/pexels-photo-264554.jpeg?fit=3375%2C2250&ssl=1","datePublished":"2019-10-15T14:00:08+00:00","dateModified":"2020-04-16T10:30:03+00:00","author":{"@id":"https:\/\/mb-advogados.pt\/#\/schema\/person\/3e38d2eb6aa3940bbfacf5335ff86b10"},"breadcrumb":{"@id":"https:\/\/mb-advogados.pt\/en\/a-nova-lei-dos-saldos-e-os-direitos-dos-consumidores\/#breadcrumb"},"inLanguage":"en-GB","potentialAction":[{"@type":"ReadAction","target":["https:\/\/mb-advogados.pt\/en\/a-nova-lei-dos-saldos-e-os-direitos-dos-consumidores\/"]}]},{"@type":"ImageObject","inLanguage":"en-GB","@id":"https:\/\/mb-advogados.pt\/en\/a-nova-lei-dos-saldos-e-os-direitos-dos-consumidores\/#primaryimage","url":"https:\/\/i0.wp.com\/mb-advogados.pt\/wp\/wp-content\/uploads\/2019\/10\/pexels-photo-264554.jpeg?fit=3375%2C2250&ssl=1","contentUrl":"https:\/\/i0.wp.com\/mb-advogados.pt\/wp\/wp-content\/uploads\/2019\/10\/pexels-photo-264554.jpeg?fit=3375%2C2250&ssl=1","width":3375,"height":2250},{"@type":"BreadcrumbList","@id":"https:\/\/mb-advogados.pt\/en\/a-nova-lei-dos-saldos-e-os-direitos-dos-consumidores\/#breadcrumb","itemListElement":[{"@type":"ListItem","position":1,"name":"In\u00edcio","item":"https:\/\/mb-advogados.pt\/"},{"@type":"ListItem","position":2,"name":"A nova Lei dos Saldos e os direitos dos consumidores"}]},{"@type":"WebSite","@id":"https:\/\/mb-advogados.pt\/#website","url":"https:\/\/mb-advogados.pt\/","name":"M|B Advogados","description":"Escrit\u00f3rio de Advogados no Funchal","potentialAction":[{"@type":"SearchAction","target":{"@type":"EntryPoint","urlTemplate":"https:\/\/mb-advogados.pt\/?s={search_term_string}"},"query-input":{"@type":"PropertyValueSpecification","valueRequired":true,"valueName":"search_term_string"}}],"inLanguage":"en-GB"},{"@type":"Person","@id":"https:\/\/mb-advogados.pt\/#\/schema\/person\/3e38d2eb6aa3940bbfacf5335ff86b10","name":"Hugo Ricardo Barradas","image":{"@type":"ImageObject","inLanguage":"en-GB","@id":"https:\/\/mb-advogados.pt\/#\/schema\/person\/image\/","url":"https:\/\/secure.gravatar.com\/avatar\/12c5f5d17e6618a186b50caaafe34e09?s=96&d=mm&r=g","contentUrl":"https:\/\/secure.gravatar.com\/avatar\/12c5f5d17e6618a186b50caaafe34e09?s=96&d=mm&r=g","caption":"Hugo Ricardo Barradas"}}]}},"jetpack_sharing_enabled":true,"jetpack_featured_media_url":"https:\/\/i0.wp.com\/mb-advogados.pt\/wp\/wp-content\/uploads\/2019\/10\/pexels-photo-264554.jpeg?fit=3375%2C2250&ssl=1","_links":{"self":[{"href":"https:\/\/mb-advogados.pt\/en\/wp-json\/wp\/v2\/posts\/646","targetHints":{"allow":["GET"]}}],"collection":[{"href":"https:\/\/mb-advogados.pt\/en\/wp-json\/wp\/v2\/posts"}],"about":[{"href":"https:\/\/mb-advogados.pt\/en\/wp-json\/wp\/v2\/types\/post"}],"author":[{"embeddable":true,"href":"https:\/\/mb-advogados.pt\/en\/wp-json\/wp\/v2\/users\/4"}],"replies":[{"embeddable":true,"href":"https:\/\/mb-advogados.pt\/en\/wp-json\/wp\/v2\/comments?post=646"}],"version-history":[{"count":0,"href":"https:\/\/mb-advogados.pt\/en\/wp-json\/wp\/v2\/posts\/646\/revisions"}],"wp:featuredmedia":[{"embeddable":true,"href":"https:\/\/mb-advogados.pt\/en\/wp-json\/wp\/v2\/media\/647"}],"wp:attachment":[{"href":"https:\/\/mb-advogados.pt\/en\/wp-json\/wp\/v2\/media?parent=646"}],"wp:term":[{"taxonomy":"category","embeddable":true,"href":"https:\/\/mb-advogados.pt\/en\/wp-json\/wp\/v2\/categories?post=646"},{"taxonomy":"post_tag","embeddable":true,"href":"https:\/\/mb-advogados.pt\/en\/wp-json\/wp\/v2\/tags?post=646"}],"curies":[{"name":"wp","href":"https:\/\/api.w.org\/{rel}","templated":true}]}}