{"id":1072,"date":"2025-12-03T09:36:43","date_gmt":"2025-12-03T09:36:43","guid":{"rendered":"https:\/\/mb-advogados.pt\/?p=1072"},"modified":"2025-12-03T09:36:43","modified_gmt":"2025-12-03T09:36:43","slug":"joao-paulo-marques-debate-direito-desportivo-e-insularidade-no-programa-desporto-acores","status":"publish","type":"post","link":"https:\/\/mb-advogados.pt\/en\/joao-paulo-marques-debate-direito-desportivo-e-insularidade-no-programa-desporto-acores\/","title":{"rendered":"Jo\u00e3o Paulo Marques debate Direito Desportivo e Insularidade no &#8220;Programa Desporto A\u00e7ores&#8221;"},"content":{"rendered":"<p data-path-to-node=\"2\">No passado dia 27 de outubro de 2025, Jo\u00e3o Paulo Marques, s\u00f3cio da MB Advogados, foi um dos convidados centrais da tert\u00falia promovida pelo &#8220;Programa Desporto A\u00e7ores&#8221;, inserida na sua 8.\u00aa temporada. Durante a emiss\u00e3o, o advogado e atual Presidente do Conselho de Disciplina da Associa\u00e7\u00e3o de Futebol da Madeira partilhou a sua vis\u00e3o t\u00e9cnica e experi\u00eancia pr\u00e1tica sobre temas prementes do Direito Desportivo, incluindo a justi\u00e7a desportiva, o estatuto do dirigente e os desafios espec\u00edficos da continuidade territorial para os clubes das ilhas.<\/p>\n<p data-path-to-node=\"3\">A interven\u00e7\u00e3o foi transmitida em direto e contou com uma ampla cobertura medi\u00e1tica, sendo difundida para uma audi\u00eancia estimada em mais de 200 mil ouvintes atrav\u00e9s de diversos parceiros internacionais, como a Diaspora Media Group (EUA), a R\u00e1dio Asas do Atl\u00e2ntico (Canad\u00e1) e v\u00e1rias esta\u00e7\u00f5es em Portugal Continental e A\u00e7ores. Esta participa\u00e7\u00e3o refor\u00e7a o reconhecimento de Jo\u00e3o Paulo Marques e da MB Advogados na \u00e1rea do Direito do Desporto, contribuindo ativamente para a discuss\u00e3o de pol\u00edticas e regulamenta\u00e7\u00e3o no setor.<\/p>\n<p data-path-to-node=\"3\">O epis\u00f3dio completo pode ser visualizado aqui: <a class=\"ng-star-inserted\" href=\"https:\/\/www.youtube.com\/watch?v=q46tmiN6yjM\" target=\"_blank\" rel=\"noopener\" data-hveid=\"0\" data-ved=\"0CAAQ_4QMahcKEwjU5eefjaGRAxUAAAAAHQAAAAAQPw\">https:\/\/www.youtube.com\/watch?v=q46tmiN6yjM<\/a><\/p>","protected":false},"excerpt":{"rendered":"<p>No passado dia 27 de outubro de 2025, Jo\u00e3o Paulo Marques, s\u00f3cio da MB Advogados, foi um dos convidados centrais da tert\u00falia promovida pelo &#8220;Programa Desporto A\u00e7ores&#8221;, inserida na sua 8.\u00aa temporada. Durante a emiss\u00e3o, o advogado e atual Presidente do Conselho de Disciplina da Associa\u00e7\u00e3o de Futebol da Madeira partilhou a sua vis\u00e3o t\u00e9cnica [&hellip;]<\/p>","protected":false},"author":2,"featured_media":1073,"comment_status":"closed","ping_status":"closed","sticky":false,"template":"","format":"standard","meta":{"_et_pb_use_builder":"","_et_pb_old_content":"","_et_gb_content_width":"","_jetpack_memberships_contains_paid_content":false,"footnotes":""},"categories":[5,3],"tags":[],"class_list":["post-1072","post","type-post","status-publish","format-standard","has-post-thumbnail","hentry","category-artigos","category-noticias"],"yoast_head":"<!-- This site is optimized with the Yoast SEO plugin v24.1 - https:\/\/yoast.com\/wordpress\/plugins\/seo\/ -->\n<title>Jo\u00e3o Paulo Marques debate Direito Desportivo e Insularidade no &quot;Programa Desporto A\u00e7ores&quot; - M|B Advogados<\/title>\n<meta name=\"robots\" content=\"index, follow, max-snippet:-1, max-image-preview:large, max-video-preview:-1\" \/>\n<link rel=\"canonical\" href=\"https:\/\/mb-advogados.pt\/en\/joao-paulo-marques-debate-direito-desportivo-e-insularidade-no-programa-desporto-acores\/\" \/>\n<meta property=\"og:locale\" content=\"en_GB\" \/>\n<meta property=\"og:type\" content=\"article\" \/>\n<meta property=\"og:title\" content=\"Jo\u00e3o Paulo Marques debate Direito Desportivo e Insularidade no &quot;Programa Desporto A\u00e7ores&quot; - M|B Advogados\" \/>\n<meta property=\"og:description\" content=\"No passado dia 27 de outubro de 2025, Jo\u00e3o Paulo Marques, s\u00f3cio da MB Advogados, foi um dos convidados centrais da tert\u00falia promovida pelo &#8220;Programa Desporto A\u00e7ores&#8221;, inserida na sua 8.\u00aa temporada. Durante a emiss\u00e3o, o advogado e atual Presidente do Conselho de Disciplina da Associa\u00e7\u00e3o de Futebol da Madeira partilhou a sua vis\u00e3o t\u00e9cnica [&hellip;]\" \/>\n<meta property=\"og:url\" content=\"https:\/\/mb-advogados.pt\/en\/joao-paulo-marques-debate-direito-desportivo-e-insularidade-no-programa-desporto-acores\/\" \/>\n<meta property=\"og:site_name\" content=\"M|B Advogados\" \/>\n<meta property=\"article:publisher\" content=\"https:\/\/www.facebook.com\/marquesbarradasadv\" \/>\n<meta property=\"article:published_time\" content=\"2025-12-03T09:36:43+00:00\" \/>\n<meta property=\"og:image\" content=\"https:\/\/mb-advogados.pt\/wp\/wp-content\/uploads\/2025\/12\/podcast.png\" \/>\n\t<meta property=\"og:image:width\" content=\"870\" \/>\n\t<meta property=\"og:image:height\" content=\"487\" \/>\n\t<meta property=\"og:image:type\" content=\"image\/png\" \/>\n<meta name=\"author\" content=\"MB Advogados\" \/>\n<meta name=\"twitter:card\" content=\"summary_large_image\" \/>\n<meta name=\"twitter:label1\" content=\"Written by\" \/>\n\t<meta name=\"twitter:data1\" content=\"MB Advogados\" \/>\n\t<meta name=\"twitter:label2\" content=\"Estimated reading time\" \/>\n\t<meta name=\"twitter:data2\" content=\"2 minutes\" \/>\n<script type=\"application\/ld+json\" class=\"yoast-schema-graph\">{\"@context\":\"https:\/\/schema.org\",\"@graph\":[{\"@type\":\"WebPage\",\"@id\":\"https:\/\/mb-advogados.pt\/joao-paulo-marques-debate-direito-desportivo-e-insularidade-no-programa-desporto-acores\/\",\"url\":\"https:\/\/mb-advogados.pt\/joao-paulo-marques-debate-direito-desportivo-e-insularidade-no-programa-desporto-acores\/\",\"name\":\"Jo\u00e3o Paulo Marques debate Direito Desportivo e Insularidade no \\\"Programa Desporto A\u00e7ores\\\" - M|B Advogados\",\"isPartOf\":{\"@id\":\"https:\/\/mb-advogados.pt\/#website\"},\"primaryImageOfPage\":{\"@id\":\"https:\/\/mb-advogados.pt\/joao-paulo-marques-debate-direito-desportivo-e-insularidade-no-programa-desporto-acores\/#primaryimage\"},\"image\":{\"@id\":\"https:\/\/mb-advogados.pt\/joao-paulo-marques-debate-direito-desportivo-e-insularidade-no-programa-desporto-acores\/#primaryimage\"},\"thumbnailUrl\":\"https:\/\/i0.wp.com\/mb-advogados.pt\/wp\/wp-content\/uploads\/2025\/12\/podcast.png?fit=870%2C487&ssl=1\",\"datePublished\":\"2025-12-03T09:36:43+00:00\",\"dateModified\":\"2025-12-03T09:36:43+00:00\",\"author\":{\"@id\":\"https:\/\/mb-advogados.pt\/#\/schema\/person\/684c6dc031076c9f86ac80d18f403cd8\"},\"breadcrumb\":{\"@id\":\"https:\/\/mb-advogados.pt\/joao-paulo-marques-debate-direito-desportivo-e-insularidade-no-programa-desporto-acores\/#breadcrumb\"},\"inLanguage\":\"en-GB\",\"potentialAction\":[{\"@type\":\"ReadAction\",\"target\":[\"https:\/\/mb-advogados.pt\/joao-paulo-marques-debate-direito-desportivo-e-insularidade-no-programa-desporto-acores\/\"]}]},{\"@type\":\"ImageObject\",\"inLanguage\":\"en-GB\",\"@id\":\"https:\/\/mb-advogados.pt\/joao-paulo-marques-debate-direito-desportivo-e-insularidade-no-programa-desporto-acores\/#primaryimage\",\"url\":\"https:\/\/i0.wp.com\/mb-advogados.pt\/wp\/wp-content\/uploads\/2025\/12\/podcast.png?fit=870%2C487&ssl=1\",\"contentUrl\":\"https:\/\/i0.wp.com\/mb-advogados.pt\/wp\/wp-content\/uploads\/2025\/12\/podcast.png?fit=870%2C487&ssl=1\",\"width\":870,\"height\":487},{\"@type\":\"BreadcrumbList\",\"@id\":\"https:\/\/mb-advogados.pt\/joao-paulo-marques-debate-direito-desportivo-e-insularidade-no-programa-desporto-acores\/#breadcrumb\",\"itemListElement\":[{\"@type\":\"ListItem\",\"position\":1,\"name\":\"In\u00edcio\",\"item\":\"https:\/\/mb-advogados.pt\/\"},{\"@type\":\"ListItem\",\"position\":2,\"name\":\"Jo\u00e3o Paulo Marques debate Direito Desportivo e Insularidade no &#8220;Programa Desporto A\u00e7ores&#8221;\"}]},{\"@type\":\"WebSite\",\"@id\":\"https:\/\/mb-advogados.pt\/#website\",\"url\":\"https:\/\/mb-advogados.pt\/\",\"name\":\"M|B Advogados\",\"description\":\"Escrit\u00f3rio de Advogados no Funchal\",\"potentialAction\":[{\"@type\":\"SearchAction\",\"target\":{\"@type\":\"EntryPoint\",\"urlTemplate\":\"https:\/\/mb-advogados.pt\/?s={search_term_string}\"},\"query-input\":{\"@type\":\"PropertyValueSpecification\",\"valueRequired\":true,\"valueName\":\"search_term_string\"}}],\"inLanguage\":\"en-GB\"},{\"@type\":\"Person\",\"@id\":\"https:\/\/mb-advogados.pt\/#\/schema\/person\/684c6dc031076c9f86ac80d18f403cd8\",\"name\":\"MB Advogados\",\"image\":{\"@type\":\"ImageObject\",\"inLanguage\":\"en-GB\",\"@id\":\"https:\/\/mb-advogados.pt\/#\/schema\/person\/image\/\",\"url\":\"https:\/\/secure.gravatar.com\/avatar\/ce31d1ea6e90489c6820dde6ff0e5944?s=96&d=mm&r=g\",\"contentUrl\":\"https:\/\/secure.gravatar.com\/avatar\/ce31d1ea6e90489c6820dde6ff0e5944?s=96&d=mm&r=g\",\"caption\":\"MB Advogados\"}}]}<\/script>\n<!-- \/ Yoast SEO plugin. -->","yoast_head_json":{"title":"Jo\u00e3o Paulo Marques debate Direito Desportivo e Insularidade no \"Programa Desporto A\u00e7ores\" - M|B Advogados","robots":{"index":"index","follow":"follow","max-snippet":"max-snippet:-1","max-image-preview":"max-image-preview:large","max-video-preview":"max-video-preview:-1"},"canonical":"https:\/\/mb-advogados.pt\/en\/joao-paulo-marques-debate-direito-desportivo-e-insularidade-no-programa-desporto-acores\/","og_locale":"en_GB","og_type":"article","og_title":"Jo\u00e3o Paulo Marques debate Direito Desportivo e Insularidade no \"Programa Desporto A\u00e7ores\" - M|B Advogados","og_description":"No passado dia 27 de outubro de 2025, Jo\u00e3o Paulo Marques, s\u00f3cio da MB Advogados, foi um dos convidados centrais da tert\u00falia promovida pelo &#8220;Programa Desporto A\u00e7ores&#8221;, inserida na sua 8.\u00aa temporada. Durante a emiss\u00e3o, o advogado e atual Presidente do Conselho de Disciplina da Associa\u00e7\u00e3o de Futebol da Madeira partilhou a sua vis\u00e3o t\u00e9cnica [&hellip;]","og_url":"https:\/\/mb-advogados.pt\/en\/joao-paulo-marques-debate-direito-desportivo-e-insularidade-no-programa-desporto-acores\/","og_site_name":"M|B Advogados","article_publisher":"https:\/\/www.facebook.com\/marquesbarradasadv","article_published_time":"2025-12-03T09:36:43+00:00","og_image":[{"width":870,"height":487,"url":"https:\/\/mb-advogados.pt\/wp\/wp-content\/uploads\/2025\/12\/podcast.png","type":"image\/png"}],"author":"MB Advogados","twitter_card":"summary_large_image","twitter_misc":{"Written by":"MB Advogados","Estimated reading time":"2 minutes"},"schema":{"@context":"https:\/\/schema.org","@graph":[{"@type":"WebPage","@id":"https:\/\/mb-advogados.pt\/joao-paulo-marques-debate-direito-desportivo-e-insularidade-no-programa-desporto-acores\/","url":"https:\/\/mb-advogados.pt\/joao-paulo-marques-debate-direito-desportivo-e-insularidade-no-programa-desporto-acores\/","name":"Jo\u00e3o Paulo Marques debate Direito Desportivo e Insularidade no \"Programa Desporto A\u00e7ores\" - M|B Advogados","isPartOf":{"@id":"https:\/\/mb-advogados.pt\/#website"},"primaryImageOfPage":{"@id":"https:\/\/mb-advogados.pt\/joao-paulo-marques-debate-direito-desportivo-e-insularidade-no-programa-desporto-acores\/#primaryimage"},"image":{"@id":"https:\/\/mb-advogados.pt\/joao-paulo-marques-debate-direito-desportivo-e-insularidade-no-programa-desporto-acores\/#primaryimage"},"thumbnailUrl":"https:\/\/i0.wp.com\/mb-advogados.pt\/wp\/wp-content\/uploads\/2025\/12\/podcast.png?fit=870%2C487&ssl=1","datePublished":"2025-12-03T09:36:43+00:00","dateModified":"2025-12-03T09:36:43+00:00","author":{"@id":"https:\/\/mb-advogados.pt\/#\/schema\/person\/684c6dc031076c9f86ac80d18f403cd8"},"breadcrumb":{"@id":"https:\/\/mb-advogados.pt\/joao-paulo-marques-debate-direito-desportivo-e-insularidade-no-programa-desporto-acores\/#breadcrumb"},"inLanguage":"en-GB","potentialAction":[{"@type":"ReadAction","target":["https:\/\/mb-advogados.pt\/joao-paulo-marques-debate-direito-desportivo-e-insularidade-no-programa-desporto-acores\/"]}]},{"@type":"ImageObject","inLanguage":"en-GB","@id":"https:\/\/mb-advogados.pt\/joao-paulo-marques-debate-direito-desportivo-e-insularidade-no-programa-desporto-acores\/#primaryimage","url":"https:\/\/i0.wp.com\/mb-advogados.pt\/wp\/wp-content\/uploads\/2025\/12\/podcast.png?fit=870%2C487&ssl=1","contentUrl":"https:\/\/i0.wp.com\/mb-advogados.pt\/wp\/wp-content\/uploads\/2025\/12\/podcast.png?fit=870%2C487&ssl=1","width":870,"height":487},{"@type":"BreadcrumbList","@id":"https:\/\/mb-advogados.pt\/joao-paulo-marques-debate-direito-desportivo-e-insularidade-no-programa-desporto-acores\/#breadcrumb","itemListElement":[{"@type":"ListItem","position":1,"name":"In\u00edcio","item":"https:\/\/mb-advogados.pt\/"},{"@type":"ListItem","position":2,"name":"Jo\u00e3o Paulo Marques debate Direito Desportivo e Insularidade no &#8220;Programa Desporto A\u00e7ores&#8221;"}]},{"@type":"WebSite","@id":"https:\/\/mb-advogados.pt\/#website","url":"https:\/\/mb-advogados.pt\/","name":"M|B Advogados","description":"Escrit\u00f3rio de Advogados no Funchal","potentialAction":[{"@type":"SearchAction","target":{"@type":"EntryPoint","urlTemplate":"https:\/\/mb-advogados.pt\/?s={search_term_string}"},"query-input":{"@type":"PropertyValueSpecification","valueRequired":true,"valueName":"search_term_string"}}],"inLanguage":"en-GB"},{"@type":"Person","@id":"https:\/\/mb-advogados.pt\/#\/schema\/person\/684c6dc031076c9f86ac80d18f403cd8","name":"MB Advogados","image":{"@type":"ImageObject","inLanguage":"en-GB","@id":"https:\/\/mb-advogados.pt\/#\/schema\/person\/image\/","url":"https:\/\/secure.gravatar.com\/avatar\/ce31d1ea6e90489c6820dde6ff0e5944?s=96&d=mm&r=g","contentUrl":"https:\/\/secure.gravatar.com\/avatar\/ce31d1ea6e90489c6820dde6ff0e5944?s=96&d=mm&r=g","caption":"MB Advogados"}}]}},"jetpack_sharing_enabled":true,"jetpack_featured_media_url":"https:\/\/i0.wp.com\/mb-advogados.pt\/wp\/wp-content\/uploads\/2025\/12\/podcast.png?fit=870%2C487&ssl=1","_links":{"self":[{"href":"https:\/\/mb-advogados.pt\/en\/wp-json\/wp\/v2\/posts\/1072","targetHints":{"allow":["GET"]}}],"collection":[{"href":"https:\/\/mb-advogados.pt\/en\/wp-json\/wp\/v2\/posts"}],"about":[{"href":"https:\/\/mb-advogados.pt\/en\/wp-json\/wp\/v2\/types\/post"}],"author":[{"embeddable":true,"href":"https:\/\/mb-advogados.pt\/en\/wp-json\/wp\/v2\/users\/2"}],"replies":[{"embeddable":true,"href":"https:\/\/mb-advogados.pt\/en\/wp-json\/wp\/v2\/comments?post=1072"}],"version-history":[{"count":1,"href":"https:\/\/mb-advogados.pt\/en\/wp-json\/wp\/v2\/posts\/1072\/revisions"}],"predecessor-version":[{"id":1074,"href":"https:\/\/mb-advogados.pt\/en\/wp-json\/wp\/v2\/posts\/1072\/revisions\/1074"}],"wp:featuredmedia":[{"embeddable":true,"href":"https:\/\/mb-advogados.pt\/en\/wp-json\/wp\/v2\/media\/1073"}],"wp:attachment":[{"href":"https:\/\/mb-advogados.pt\/en\/wp-json\/wp\/v2\/media?parent=1072"}],"wp:term":[{"taxonomy":"category","embeddable":true,"href":"https:\/\/mb-advogados.pt\/en\/wp-json\/wp\/v2\/categories?post=1072"},{"taxonomy":"post_tag","embeddable":true,"href":"https:\/\/mb-advogados.pt\/en\/wp-json\/wp\/v2\/tags?post=1072"}],"curies":[{"name":"wp","href":"https:\/\/api.w.org\/{rel}","templated":true}]}}