{"id":1056,"date":"2025-01-20T10:19:18","date_gmt":"2025-01-20T10:19:18","guid":{"rendered":"https:\/\/mb-advogados.pt\/?p=1056"},"modified":"2025-01-12T19:24:20","modified_gmt":"2025-01-12T19:24:20","slug":"salario-minimo-em-vigor-na-madeira-para-2025","status":"publish","type":"post","link":"https:\/\/mb-advogados.pt\/en\/salario-minimo-em-vigor-na-madeira-para-2025\/","title":{"rendered":"Sal\u00e1rio M\u00ednimo em vigor na Madeira para 2025"},"content":{"rendered":"<p>A atualiza\u00e7\u00e3o do sal\u00e1rio m\u00ednimo regional \u00e9 uma quest\u00e3o de grande relev\u00e2ncia para empresas e trabalhadores na Regi\u00e3o Aut\u00f3noma da Madeira. Para as empresas, implica ajustes nos or\u00e7amentos e nas pol\u00edticas salariais, afetando diretamente a gest\u00e3o de recursos humanos e a competitividade. Para os trabalhadores, representa uma melhoria no rendimento dispon\u00edvel, influenciando o bem-estar econ\u00f3mico e social.<\/p>\n<p>O Decreto Legislativo Regional n.\u00ba 20\/2024\/M, publicado no Di\u00e1rio da Rep\u00fablica a 23 de dezembro de 2024, estabelece a retribui\u00e7\u00e3o m\u00ednima mensal garantida na Madeira em <strong>\u20ac915,00,<\/strong> com efeitos a partir de <strong>1 de janeiro de 2025.<\/strong><\/p>\n<p>Este aumento reflete um acr\u00e9scimo de 7,6% face ao valor anterior de \u20ac850,00.<\/p>\n<p>\u00c9 fundamental que as entidades empregadoras na regi\u00e3o assegurem a conformidade com este novo valor a partir de 1 de janeiro de 2025, ajustando as remunera\u00e7\u00f5es dos trabalhadores que aufiram montantes inferiores a \u20ac915,00. Este cumprimento \u00e9 essencial para garantir a legalidade das rela\u00e7\u00f5es laborais e promover a justi\u00e7a social no mercado de trabalho madeirense.<\/p>","protected":false},"excerpt":{"rendered":"<p>A atualiza\u00e7\u00e3o do sal\u00e1rio m\u00ednimo regional \u00e9 uma quest\u00e3o de grande relev\u00e2ncia para empresas e trabalhadores na Regi\u00e3o Aut\u00f3noma da Madeira. Para as empresas, implica ajustes nos or\u00e7amentos e nas pol\u00edticas salariais, afetando diretamente a gest\u00e3o de recursos humanos e a competitividade. Para os trabalhadores, representa uma melhoria no rendimento dispon\u00edvel, influenciando o bem-estar econ\u00f3mico [&hellip;]<\/p>","protected":false},"author":2,"featured_media":1057,"comment_status":"closed","ping_status":"closed","sticky":false,"template":"","format":"standard","meta":{"_et_pb_use_builder":"","_et_pb_old_content":"","_et_gb_content_width":"","_jetpack_memberships_contains_paid_content":false,"footnotes":""},"categories":[5,3],"tags":[],"class_list":["post-1056","post","type-post","status-publish","format-standard","has-post-thumbnail","hentry","category-artigos","category-noticias"],"yoast_head":"<!-- This site is optimized with the Yoast SEO plugin v24.1 - https:\/\/yoast.com\/wordpress\/plugins\/seo\/ -->\n<title>Sal\u00e1rio M\u00ednimo em vigor na Madeira para 2025 - M|B Advogados<\/title>\n<meta name=\"robots\" content=\"index, follow, max-snippet:-1, max-image-preview:large, max-video-preview:-1\" \/>\n<link rel=\"canonical\" href=\"https:\/\/mb-advogados.pt\/en\/salario-minimo-em-vigor-na-madeira-para-2025\/\" \/>\n<meta property=\"og:locale\" content=\"en_GB\" \/>\n<meta property=\"og:type\" content=\"article\" \/>\n<meta property=\"og:title\" content=\"Sal\u00e1rio M\u00ednimo em vigor na Madeira para 2025 - M|B Advogados\" \/>\n<meta property=\"og:description\" content=\"A atualiza\u00e7\u00e3o do sal\u00e1rio m\u00ednimo regional \u00e9 uma quest\u00e3o de grande relev\u00e2ncia para empresas e trabalhadores na Regi\u00e3o Aut\u00f3noma da Madeira. Para as empresas, implica ajustes nos or\u00e7amentos e nas pol\u00edticas salariais, afetando diretamente a gest\u00e3o de recursos humanos e a competitividade. Para os trabalhadores, representa uma melhoria no rendimento dispon\u00edvel, influenciando o bem-estar econ\u00f3mico [&hellip;]\" \/>\n<meta property=\"og:url\" content=\"https:\/\/mb-advogados.pt\/en\/salario-minimo-em-vigor-na-madeira-para-2025\/\" \/>\n<meta property=\"og:site_name\" content=\"M|B Advogados\" \/>\n<meta property=\"article:publisher\" content=\"https:\/\/www.facebook.com\/marquesbarradasadv\" \/>\n<meta property=\"article:published_time\" content=\"2025-01-20T10:19:18+00:00\" \/>\n<meta property=\"article:modified_time\" content=\"2025-01-12T19:24:20+00:00\" \/>\n<meta property=\"og:image\" content=\"https:\/\/i0.wp.com\/mb-advogados.pt\/wp\/wp-content\/uploads\/2025\/01\/salario-minimo-regional-810x443-1.png?fit=810%2C443&ssl=1\" \/>\n\t<meta property=\"og:image:width\" content=\"810\" \/>\n\t<meta property=\"og:image:height\" content=\"443\" \/>\n\t<meta property=\"og:image:type\" content=\"image\/png\" \/>\n<meta name=\"author\" content=\"MB Advogados\" \/>\n<meta name=\"twitter:card\" content=\"summary_large_image\" \/>\n<meta name=\"twitter:label1\" content=\"Written by\" \/>\n\t<meta name=\"twitter:data1\" content=\"MB Advogados\" \/>\n\t<meta name=\"twitter:label2\" content=\"Estimated reading time\" \/>\n\t<meta name=\"twitter:data2\" content=\"2 minutes\" \/>\n<script type=\"application\/ld+json\" class=\"yoast-schema-graph\">{\"@context\":\"https:\/\/schema.org\",\"@graph\":[{\"@type\":\"WebPage\",\"@id\":\"https:\/\/mb-advogados.pt\/salario-minimo-em-vigor-na-madeira-para-2025\/\",\"url\":\"https:\/\/mb-advogados.pt\/salario-minimo-em-vigor-na-madeira-para-2025\/\",\"name\":\"Sal\u00e1rio M\u00ednimo em vigor na Madeira para 2025 - M|B Advogados\",\"isPartOf\":{\"@id\":\"https:\/\/mb-advogados.pt\/#website\"},\"primaryImageOfPage\":{\"@id\":\"https:\/\/mb-advogados.pt\/salario-minimo-em-vigor-na-madeira-para-2025\/#primaryimage\"},\"image\":{\"@id\":\"https:\/\/mb-advogados.pt\/salario-minimo-em-vigor-na-madeira-para-2025\/#primaryimage\"},\"thumbnailUrl\":\"https:\/\/i0.wp.com\/mb-advogados.pt\/wp\/wp-content\/uploads\/2025\/01\/salario-minimo-regional-810x443-1.png?fit=810%2C443&ssl=1\",\"datePublished\":\"2025-01-20T10:19:18+00:00\",\"dateModified\":\"2025-01-12T19:24:20+00:00\",\"author\":{\"@id\":\"https:\/\/mb-advogados.pt\/#\/schema\/person\/684c6dc031076c9f86ac80d18f403cd8\"},\"breadcrumb\":{\"@id\":\"https:\/\/mb-advogados.pt\/salario-minimo-em-vigor-na-madeira-para-2025\/#breadcrumb\"},\"inLanguage\":\"en-GB\",\"potentialAction\":[{\"@type\":\"ReadAction\",\"target\":[\"https:\/\/mb-advogados.pt\/salario-minimo-em-vigor-na-madeira-para-2025\/\"]}]},{\"@type\":\"ImageObject\",\"inLanguage\":\"en-GB\",\"@id\":\"https:\/\/mb-advogados.pt\/salario-minimo-em-vigor-na-madeira-para-2025\/#primaryimage\",\"url\":\"https:\/\/i0.wp.com\/mb-advogados.pt\/wp\/wp-content\/uploads\/2025\/01\/salario-minimo-regional-810x443-1.png?fit=810%2C443&ssl=1\",\"contentUrl\":\"https:\/\/i0.wp.com\/mb-advogados.pt\/wp\/wp-content\/uploads\/2025\/01\/salario-minimo-regional-810x443-1.png?fit=810%2C443&ssl=1\",\"width\":810,\"height\":443},{\"@type\":\"BreadcrumbList\",\"@id\":\"https:\/\/mb-advogados.pt\/salario-minimo-em-vigor-na-madeira-para-2025\/#breadcrumb\",\"itemListElement\":[{\"@type\":\"ListItem\",\"position\":1,\"name\":\"In\u00edcio\",\"item\":\"https:\/\/mb-advogados.pt\/\"},{\"@type\":\"ListItem\",\"position\":2,\"name\":\"Sal\u00e1rio M\u00ednimo em vigor na Madeira para 2025\"}]},{\"@type\":\"WebSite\",\"@id\":\"https:\/\/mb-advogados.pt\/#website\",\"url\":\"https:\/\/mb-advogados.pt\/\",\"name\":\"M|B Advogados\",\"description\":\"Escrit\u00f3rio de Advogados no Funchal\",\"potentialAction\":[{\"@type\":\"SearchAction\",\"target\":{\"@type\":\"EntryPoint\",\"urlTemplate\":\"https:\/\/mb-advogados.pt\/?s={search_term_string}\"},\"query-input\":{\"@type\":\"PropertyValueSpecification\",\"valueRequired\":true,\"valueName\":\"search_term_string\"}}],\"inLanguage\":\"en-GB\"},{\"@type\":\"Person\",\"@id\":\"https:\/\/mb-advogados.pt\/#\/schema\/person\/684c6dc031076c9f86ac80d18f403cd8\",\"name\":\"MB Advogados\",\"image\":{\"@type\":\"ImageObject\",\"inLanguage\":\"en-GB\",\"@id\":\"https:\/\/mb-advogados.pt\/#\/schema\/person\/image\/\",\"url\":\"https:\/\/secure.gravatar.com\/avatar\/ce31d1ea6e90489c6820dde6ff0e5944?s=96&d=mm&r=g\",\"contentUrl\":\"https:\/\/secure.gravatar.com\/avatar\/ce31d1ea6e90489c6820dde6ff0e5944?s=96&d=mm&r=g\",\"caption\":\"MB Advogados\"}}]}<\/script>\n<!-- \/ Yoast SEO plugin. -->","yoast_head_json":{"title":"Sal\u00e1rio M\u00ednimo em vigor na Madeira para 2025 - M|B Advogados","robots":{"index":"index","follow":"follow","max-snippet":"max-snippet:-1","max-image-preview":"max-image-preview:large","max-video-preview":"max-video-preview:-1"},"canonical":"https:\/\/mb-advogados.pt\/en\/salario-minimo-em-vigor-na-madeira-para-2025\/","og_locale":"en_GB","og_type":"article","og_title":"Sal\u00e1rio M\u00ednimo em vigor na Madeira para 2025 - M|B Advogados","og_description":"A atualiza\u00e7\u00e3o do sal\u00e1rio m\u00ednimo regional \u00e9 uma quest\u00e3o de grande relev\u00e2ncia para empresas e trabalhadores na Regi\u00e3o Aut\u00f3noma da Madeira. Para as empresas, implica ajustes nos or\u00e7amentos e nas pol\u00edticas salariais, afetando diretamente a gest\u00e3o de recursos humanos e a competitividade. Para os trabalhadores, representa uma melhoria no rendimento dispon\u00edvel, influenciando o bem-estar econ\u00f3mico [&hellip;]","og_url":"https:\/\/mb-advogados.pt\/en\/salario-minimo-em-vigor-na-madeira-para-2025\/","og_site_name":"M|B Advogados","article_publisher":"https:\/\/www.facebook.com\/marquesbarradasadv","article_published_time":"2025-01-20T10:19:18+00:00","article_modified_time":"2025-01-12T19:24:20+00:00","og_image":[{"width":810,"height":443,"url":"https:\/\/i0.wp.com\/mb-advogados.pt\/wp\/wp-content\/uploads\/2025\/01\/salario-minimo-regional-810x443-1.png?fit=810%2C443&ssl=1","type":"image\/png"}],"author":"MB Advogados","twitter_card":"summary_large_image","twitter_misc":{"Written by":"MB Advogados","Estimated reading time":"2 minutes"},"schema":{"@context":"https:\/\/schema.org","@graph":[{"@type":"WebPage","@id":"https:\/\/mb-advogados.pt\/salario-minimo-em-vigor-na-madeira-para-2025\/","url":"https:\/\/mb-advogados.pt\/salario-minimo-em-vigor-na-madeira-para-2025\/","name":"Sal\u00e1rio M\u00ednimo em vigor na Madeira para 2025 - M|B Advogados","isPartOf":{"@id":"https:\/\/mb-advogados.pt\/#website"},"primaryImageOfPage":{"@id":"https:\/\/mb-advogados.pt\/salario-minimo-em-vigor-na-madeira-para-2025\/#primaryimage"},"image":{"@id":"https:\/\/mb-advogados.pt\/salario-minimo-em-vigor-na-madeira-para-2025\/#primaryimage"},"thumbnailUrl":"https:\/\/i0.wp.com\/mb-advogados.pt\/wp\/wp-content\/uploads\/2025\/01\/salario-minimo-regional-810x443-1.png?fit=810%2C443&ssl=1","datePublished":"2025-01-20T10:19:18+00:00","dateModified":"2025-01-12T19:24:20+00:00","author":{"@id":"https:\/\/mb-advogados.pt\/#\/schema\/person\/684c6dc031076c9f86ac80d18f403cd8"},"breadcrumb":{"@id":"https:\/\/mb-advogados.pt\/salario-minimo-em-vigor-na-madeira-para-2025\/#breadcrumb"},"inLanguage":"en-GB","potentialAction":[{"@type":"ReadAction","target":["https:\/\/mb-advogados.pt\/salario-minimo-em-vigor-na-madeira-para-2025\/"]}]},{"@type":"ImageObject","inLanguage":"en-GB","@id":"https:\/\/mb-advogados.pt\/salario-minimo-em-vigor-na-madeira-para-2025\/#primaryimage","url":"https:\/\/i0.wp.com\/mb-advogados.pt\/wp\/wp-content\/uploads\/2025\/01\/salario-minimo-regional-810x443-1.png?fit=810%2C443&ssl=1","contentUrl":"https:\/\/i0.wp.com\/mb-advogados.pt\/wp\/wp-content\/uploads\/2025\/01\/salario-minimo-regional-810x443-1.png?fit=810%2C443&ssl=1","width":810,"height":443},{"@type":"BreadcrumbList","@id":"https:\/\/mb-advogados.pt\/salario-minimo-em-vigor-na-madeira-para-2025\/#breadcrumb","itemListElement":[{"@type":"ListItem","position":1,"name":"In\u00edcio","item":"https:\/\/mb-advogados.pt\/"},{"@type":"ListItem","position":2,"name":"Sal\u00e1rio M\u00ednimo em vigor na Madeira para 2025"}]},{"@type":"WebSite","@id":"https:\/\/mb-advogados.pt\/#website","url":"https:\/\/mb-advogados.pt\/","name":"M|B Advogados","description":"Escrit\u00f3rio de Advogados no Funchal","potentialAction":[{"@type":"SearchAction","target":{"@type":"EntryPoint","urlTemplate":"https:\/\/mb-advogados.pt\/?s={search_term_string}"},"query-input":{"@type":"PropertyValueSpecification","valueRequired":true,"valueName":"search_term_string"}}],"inLanguage":"en-GB"},{"@type":"Person","@id":"https:\/\/mb-advogados.pt\/#\/schema\/person\/684c6dc031076c9f86ac80d18f403cd8","name":"MB Advogados","image":{"@type":"ImageObject","inLanguage":"en-GB","@id":"https:\/\/mb-advogados.pt\/#\/schema\/person\/image\/","url":"https:\/\/secure.gravatar.com\/avatar\/ce31d1ea6e90489c6820dde6ff0e5944?s=96&d=mm&r=g","contentUrl":"https:\/\/secure.gravatar.com\/avatar\/ce31d1ea6e90489c6820dde6ff0e5944?s=96&d=mm&r=g","caption":"MB Advogados"}}]}},"jetpack_sharing_enabled":true,"jetpack_featured_media_url":"https:\/\/i0.wp.com\/mb-advogados.pt\/wp\/wp-content\/uploads\/2025\/01\/salario-minimo-regional-810x443-1.png?fit=810%2C443&ssl=1","_links":{"self":[{"href":"https:\/\/mb-advogados.pt\/en\/wp-json\/wp\/v2\/posts\/1056","targetHints":{"allow":["GET"]}}],"collection":[{"href":"https:\/\/mb-advogados.pt\/en\/wp-json\/wp\/v2\/posts"}],"about":[{"href":"https:\/\/mb-advogados.pt\/en\/wp-json\/wp\/v2\/types\/post"}],"author":[{"embeddable":true,"href":"https:\/\/mb-advogados.pt\/en\/wp-json\/wp\/v2\/users\/2"}],"replies":[{"embeddable":true,"href":"https:\/\/mb-advogados.pt\/en\/wp-json\/wp\/v2\/comments?post=1056"}],"version-history":[{"count":1,"href":"https:\/\/mb-advogados.pt\/en\/wp-json\/wp\/v2\/posts\/1056\/revisions"}],"predecessor-version":[{"id":1058,"href":"https:\/\/mb-advogados.pt\/en\/wp-json\/wp\/v2\/posts\/1056\/revisions\/1058"}],"wp:featuredmedia":[{"embeddable":true,"href":"https:\/\/mb-advogados.pt\/en\/wp-json\/wp\/v2\/media\/1057"}],"wp:attachment":[{"href":"https:\/\/mb-advogados.pt\/en\/wp-json\/wp\/v2\/media?parent=1056"}],"wp:term":[{"taxonomy":"category","embeddable":true,"href":"https:\/\/mb-advogados.pt\/en\/wp-json\/wp\/v2\/categories?post=1056"},{"taxonomy":"post_tag","embeddable":true,"href":"https:\/\/mb-advogados.pt\/en\/wp-json\/wp\/v2\/tags?post=1056"}],"curies":[{"name":"wp","href":"https:\/\/api.w.org\/{rel}","templated":true}]}}