{"id":1027,"date":"2023-07-18T12:47:32","date_gmt":"2023-07-18T11:47:32","guid":{"rendered":"https:\/\/mb-advogados.pt\/?p=1027"},"modified":"2023-07-18T12:49:21","modified_gmt":"2023-07-18T11:49:21","slug":"o-alojamento-local-em-portugal-parte-1","status":"publish","type":"post","link":"https:\/\/mb-advogados.pt\/en\/o-alojamento-local-em-portugal-parte-1\/","title":{"rendered":"O Alojamento Local em Portugal (Parte 1)"},"content":{"rendered":"<p>O presente texto faz parte de um trabalho, com tr\u00eas partes, de an\u00e1lise do regime legal do Alojamento Local em Portugal, bem como de pondera\u00e7\u00e3o acerca das recentes decis\u00f5es judiciais e subsquentes altera\u00e7\u00f5es legislativas com impacto ineg\u00e1vel numa atividade econ\u00f3mica que tem ganho especial import\u00e2ncia no territ\u00f3rio nacional, nomeadamente na Madeira e em concelhos como o do Funchal, Ponta do Sol e Calheta. O texto foi escrito por Jo\u00e3o Rodrigues, aluno da Escola de Direito da Universidade do Minho e que tem colaborado com a MB Advogados no \u00e2mbito de um est\u00e1gio de ver\u00e3o.<\/p>\n<p>&#8220;O presente texto debru\u00e7ar-se-\u00e1 sobre o Regime Jur\u00eddico do Alojamento Local e as altera\u00e7\u00f5es que foi alvo desde o seu aparecimento at\u00e9 \u00e0s poss\u00edveis altera\u00e7\u00f5es nos dias de hoje. Primeiramente, cumpre delimitar concetualmente a figura do Alojamento Local que encontramos no Ordenamento Jur\u00eddico Portugu\u00eas.<\/p>\n<p>Assim, a figura do alojamento local foi criada pelo Decreto-Lei n\u00ba 39\/2008, de 7 de mar\u00e7o com a finalidade de enquadrar a presta\u00e7\u00e3o de servi\u00e7os de alojamento tempor\u00e1rio em estabelecimentos que n\u00e3o reunissem os requisitos legalmente exigidos para se qualificarem como empreendimentos tur\u00edsticos. Contudo, justificando-se uma maior clareza e certeza jur\u00eddica desta figura a Portaria n\u00ba. 517\/2008, de 25 de junho, entretanto alterada pela Portaria n.\u00ba 138\/2012, de 14 de maio, que, no seguimento da transposi\u00e7\u00e3o da Diretiva n.\u00ba 2006\/123\/CE, do Parlamento Europeu e do Conselho, de 12 de dezembro de 2006, pelo Decreto-Lei n.\u00ba 92\/2010, de 26 de julho, veio consagrar a possibilidade de inscri\u00e7\u00e3o dos estabelecimentos de alojamento local atrav\u00e9s do Balc\u00e3o \u00danico Eletr\u00f3nico.<\/p>\n<p>Assim, a Portaria n.\u00ba 517\/2008, de 25 de junho, veio prever tr\u00eas tipos de estabelecimentos de alojamento local, a saber, o apartamento, a moradia e os estabelecimentos de hospedagem, estabelecendo alguns requisitos m\u00ednimos de seguran\u00e7a e higiene. Com a referida Portaria procurou-se enquadrar uma s\u00e9rie de realidades que ofereciam servi\u00e7os de alojamento a turistas sem qualquer formalismo e \u00e0 margem da lei, acautelando, ao mesmo tempo, que alguns dos empreendimentos extintos pelo Decreto-Lei n.\u00ba 39\/2008, de 7 de mar\u00e7o (nomeadamente, pens\u00f5es, mot\u00e9is, albergarias e estalagens) e que n\u00e3o reuniam condi\u00e7\u00f5es para serem empreendimentos tur\u00edsticos, pudessem ainda assim continuar a prestar servi\u00e7os de alojamento, por forma a evitar o respetivo encerramento com todas as consequ\u00eancias negativas associadas. Sucede, no entanto, que a din\u00e2mica do mercado da procura e oferta do alojamento fez surgir e proliferar um conjunto de novas realidades de alojamento que, sendo formalmente equipar\u00e1veis \u00e0s previstas na Portaria n.\u00ba 517\/2008, de 25 de junho, determinam, pela sua import\u00e2ncia tur\u00edstica, pela confirma\u00e7\u00e3o de que se n\u00e3o tratam de um fen\u00f3meno passageiro e pela evidente relev\u00e2ncia fiscal, uma atualiza\u00e7\u00e3o do regime aplic\u00e1vel ao alojamento local. Essa atualiza\u00e7\u00e3o, precisamente porque estas novas realidades surgem agora, n\u00e3o como um fen\u00f3meno residual, mas como um fen\u00f3meno consistente e global, passa, n\u00e3o s\u00f3 pela revis\u00e3o do enquadramento que lhes \u00e9 aplic\u00e1vel, mas, igualmente, pela cria\u00e7\u00e3o de um regime jur\u00eddico pr\u00f3prio, que d\u00ea conta, precisamente, dessa circunst\u00e2ncia.<\/p>\n<p>Por isso mesmo, ali\u00e1s, o Decreto-Lei n.\u00ba 15\/2014, de 23 de janeiro, que procedeu \u00e0 segunda altera\u00e7\u00e3o ao regime jur\u00eddico da instala\u00e7\u00e3o, explora\u00e7\u00e3o e funcionamento dos empreendimentos tur\u00edsticos, aprovado pelo Decreto-Lei n.\u00ba 39\/2008, de 7 de mar\u00e7o, que havia sido anteriormente alterado pelo Decreto-Lei n.\u00ba 228\/2009, de 14 de setembro, assumiu a necessidade de autonomizar a figura do alojamento local em diploma pr\u00f3prio, de forma a melhor adaptar \u00e0 realidade a ainda recente experi\u00eancia desta figura no panorama da oferta de servi\u00e7os de alojamento. \u00c9 o que agora se faz com a aprova\u00e7\u00e3o do Decreto-Lei 128\/2014, de 29 de agosto, o qual eleva a figura do alojamento local de categoria residual para categoria aut\u00f3noma, reconhecendo a sua relev\u00e2ncia tur\u00edstica e inaugurando um tratamento jur\u00eddico pr\u00f3prio.<\/p>\n<p>Desta forma, as figuras dos empreendimentos tur\u00edsticos e do alojamento local passam a ser duas figuras devidamente aut\u00f3nomas e recortadas, vedando-se a possibilidade de coloca\u00e7\u00e3o sob a figura e regime do alojamento local de empreendimentos que cumprem com os requisitos dos empreendimentos tur\u00edsticos. Esta autonomiza\u00e7\u00e3o pretende assim assegurar que a produtos distintos se aplicam regimes jur\u00eddicos distintos, tratando de forma igual o que \u00e9 materialmente igual.&#8221;<\/p>","protected":false},"excerpt":{"rendered":"<p>O presente texto faz parte de um trabalho, com tr\u00eas partes, de an\u00e1lise do regime legal do Alojamento Local em Portugal, bem como de pondera\u00e7\u00e3o acerca das recentes decis\u00f5es judiciais e subsquentes altera\u00e7\u00f5es legislativas com impacto ineg\u00e1vel numa atividade econ\u00f3mica que tem ganho especial import\u00e2ncia no territ\u00f3rio nacional, nomeadamente na Madeira e em concelhos como [&hellip;]<\/p>","protected":false},"author":2,"featured_media":1031,"comment_status":"closed","ping_status":"closed","sticky":false,"template":"","format":"standard","meta":{"_et_pb_use_builder":"","_et_pb_old_content":"","_et_gb_content_width":"","_jetpack_memberships_contains_paid_content":false,"footnotes":""},"categories":[5],"tags":[],"class_list":["post-1027","post","type-post","status-publish","format-standard","has-post-thumbnail","hentry","category-artigos"],"yoast_head":"<!-- This site is optimized with the Yoast SEO plugin v24.1 - https:\/\/yoast.com\/wordpress\/plugins\/seo\/ -->\n<title>O Alojamento Local em Portugal (Parte 1) - M|B Advogados<\/title>\n<meta name=\"robots\" content=\"index, follow, max-snippet:-1, max-image-preview:large, max-video-preview:-1\" \/>\n<link rel=\"canonical\" href=\"https:\/\/mb-advogados.pt\/en\/o-alojamento-local-em-portugal-parte-1\/\" \/>\n<meta property=\"og:locale\" content=\"en_GB\" \/>\n<meta property=\"og:type\" content=\"article\" \/>\n<meta property=\"og:title\" content=\"O Alojamento Local em Portugal (Parte 1) - M|B Advogados\" \/>\n<meta property=\"og:description\" content=\"O presente texto faz parte de um trabalho, com tr\u00eas partes, de an\u00e1lise do regime legal do Alojamento Local em Portugal, bem como de pondera\u00e7\u00e3o acerca das recentes decis\u00f5es judiciais e subsquentes altera\u00e7\u00f5es legislativas com impacto ineg\u00e1vel numa atividade econ\u00f3mica que tem ganho especial import\u00e2ncia no territ\u00f3rio nacional, nomeadamente na Madeira e em concelhos como [&hellip;]\" \/>\n<meta property=\"og:url\" content=\"https:\/\/mb-advogados.pt\/en\/o-alojamento-local-em-portugal-parte-1\/\" \/>\n<meta property=\"og:site_name\" content=\"M|B Advogados\" \/>\n<meta property=\"article:publisher\" content=\"https:\/\/www.facebook.com\/marquesbarradasadv\" \/>\n<meta property=\"article:published_time\" content=\"2023-07-18T11:47:32+00:00\" \/>\n<meta property=\"article:modified_time\" content=\"2023-07-18T11:49:21+00:00\" \/>\n<meta property=\"og:image\" content=\"https:\/\/mb-advogados.pt\/wp\/wp-content\/uploads\/2023\/07\/al.jpg\" \/>\n\t<meta property=\"og:image:width\" content=\"1347\" \/>\n\t<meta property=\"og:image:height\" content=\"895\" \/>\n\t<meta property=\"og:image:type\" content=\"image\/jpeg\" \/>\n<meta name=\"author\" content=\"MB Advogados\" \/>\n<meta name=\"twitter:card\" content=\"summary_large_image\" \/>\n<meta name=\"twitter:label1\" content=\"Written by\" \/>\n\t<meta name=\"twitter:data1\" content=\"MB Advogados\" \/>\n\t<meta name=\"twitter:label2\" content=\"Estimated reading time\" \/>\n\t<meta name=\"twitter:data2\" content=\"4 minutes\" \/>\n<script type=\"application\/ld+json\" class=\"yoast-schema-graph\">{\"@context\":\"https:\/\/schema.org\",\"@graph\":[{\"@type\":\"WebPage\",\"@id\":\"https:\/\/mb-advogados.pt\/o-alojamento-local-em-portugal-parte-1\/\",\"url\":\"https:\/\/mb-advogados.pt\/o-alojamento-local-em-portugal-parte-1\/\",\"name\":\"O Alojamento Local em Portugal (Parte 1) - M|B Advogados\",\"isPartOf\":{\"@id\":\"https:\/\/mb-advogados.pt\/#website\"},\"primaryImageOfPage\":{\"@id\":\"https:\/\/mb-advogados.pt\/o-alojamento-local-em-portugal-parte-1\/#primaryimage\"},\"image\":{\"@id\":\"https:\/\/mb-advogados.pt\/o-alojamento-local-em-portugal-parte-1\/#primaryimage\"},\"thumbnailUrl\":\"https:\/\/i0.wp.com\/mb-advogados.pt\/wp\/wp-content\/uploads\/2023\/07\/al.jpg?fit=1347%2C895&ssl=1\",\"datePublished\":\"2023-07-18T11:47:32+00:00\",\"dateModified\":\"2023-07-18T11:49:21+00:00\",\"author\":{\"@id\":\"https:\/\/mb-advogados.pt\/#\/schema\/person\/684c6dc031076c9f86ac80d18f403cd8\"},\"breadcrumb\":{\"@id\":\"https:\/\/mb-advogados.pt\/o-alojamento-local-em-portugal-parte-1\/#breadcrumb\"},\"inLanguage\":\"en-GB\",\"potentialAction\":[{\"@type\":\"ReadAction\",\"target\":[\"https:\/\/mb-advogados.pt\/o-alojamento-local-em-portugal-parte-1\/\"]}]},{\"@type\":\"ImageObject\",\"inLanguage\":\"en-GB\",\"@id\":\"https:\/\/mb-advogados.pt\/o-alojamento-local-em-portugal-parte-1\/#primaryimage\",\"url\":\"https:\/\/i0.wp.com\/mb-advogados.pt\/wp\/wp-content\/uploads\/2023\/07\/al.jpg?fit=1347%2C895&ssl=1\",\"contentUrl\":\"https:\/\/i0.wp.com\/mb-advogados.pt\/wp\/wp-content\/uploads\/2023\/07\/al.jpg?fit=1347%2C895&ssl=1\",\"width\":1347,\"height\":895,\"caption\":\"Alojamento Local\"},{\"@type\":\"BreadcrumbList\",\"@id\":\"https:\/\/mb-advogados.pt\/o-alojamento-local-em-portugal-parte-1\/#breadcrumb\",\"itemListElement\":[{\"@type\":\"ListItem\",\"position\":1,\"name\":\"In\u00edcio\",\"item\":\"https:\/\/mb-advogados.pt\/\"},{\"@type\":\"ListItem\",\"position\":2,\"name\":\"O Alojamento Local em Portugal (Parte 1)\"}]},{\"@type\":\"WebSite\",\"@id\":\"https:\/\/mb-advogados.pt\/#website\",\"url\":\"https:\/\/mb-advogados.pt\/\",\"name\":\"M|B Advogados\",\"description\":\"Escrit\u00f3rio de Advogados no Funchal\",\"potentialAction\":[{\"@type\":\"SearchAction\",\"target\":{\"@type\":\"EntryPoint\",\"urlTemplate\":\"https:\/\/mb-advogados.pt\/?s={search_term_string}\"},\"query-input\":{\"@type\":\"PropertyValueSpecification\",\"valueRequired\":true,\"valueName\":\"search_term_string\"}}],\"inLanguage\":\"en-GB\"},{\"@type\":\"Person\",\"@id\":\"https:\/\/mb-advogados.pt\/#\/schema\/person\/684c6dc031076c9f86ac80d18f403cd8\",\"name\":\"MB Advogados\",\"image\":{\"@type\":\"ImageObject\",\"inLanguage\":\"en-GB\",\"@id\":\"https:\/\/mb-advogados.pt\/#\/schema\/person\/image\/\",\"url\":\"https:\/\/secure.gravatar.com\/avatar\/ce31d1ea6e90489c6820dde6ff0e5944?s=96&d=mm&r=g\",\"contentUrl\":\"https:\/\/secure.gravatar.com\/avatar\/ce31d1ea6e90489c6820dde6ff0e5944?s=96&d=mm&r=g\",\"caption\":\"MB Advogados\"}}]}<\/script>\n<!-- \/ Yoast SEO plugin. -->","yoast_head_json":{"title":"O Alojamento Local em Portugal (Parte 1) - M|B Advogados","robots":{"index":"index","follow":"follow","max-snippet":"max-snippet:-1","max-image-preview":"max-image-preview:large","max-video-preview":"max-video-preview:-1"},"canonical":"https:\/\/mb-advogados.pt\/en\/o-alojamento-local-em-portugal-parte-1\/","og_locale":"en_GB","og_type":"article","og_title":"O Alojamento Local em Portugal (Parte 1) - M|B Advogados","og_description":"O presente texto faz parte de um trabalho, com tr\u00eas partes, de an\u00e1lise do regime legal do Alojamento Local em Portugal, bem como de pondera\u00e7\u00e3o acerca das recentes decis\u00f5es judiciais e subsquentes altera\u00e7\u00f5es legislativas com impacto ineg\u00e1vel numa atividade econ\u00f3mica que tem ganho especial import\u00e2ncia no territ\u00f3rio nacional, nomeadamente na Madeira e em concelhos como [&hellip;]","og_url":"https:\/\/mb-advogados.pt\/en\/o-alojamento-local-em-portugal-parte-1\/","og_site_name":"M|B Advogados","article_publisher":"https:\/\/www.facebook.com\/marquesbarradasadv","article_published_time":"2023-07-18T11:47:32+00:00","article_modified_time":"2023-07-18T11:49:21+00:00","og_image":[{"width":1347,"height":895,"url":"https:\/\/mb-advogados.pt\/wp\/wp-content\/uploads\/2023\/07\/al.jpg","type":"image\/jpeg"}],"author":"MB Advogados","twitter_card":"summary_large_image","twitter_misc":{"Written by":"MB Advogados","Estimated reading time":"4 minutes"},"schema":{"@context":"https:\/\/schema.org","@graph":[{"@type":"WebPage","@id":"https:\/\/mb-advogados.pt\/o-alojamento-local-em-portugal-parte-1\/","url":"https:\/\/mb-advogados.pt\/o-alojamento-local-em-portugal-parte-1\/","name":"O Alojamento Local em Portugal (Parte 1) - M|B Advogados","isPartOf":{"@id":"https:\/\/mb-advogados.pt\/#website"},"primaryImageOfPage":{"@id":"https:\/\/mb-advogados.pt\/o-alojamento-local-em-portugal-parte-1\/#primaryimage"},"image":{"@id":"https:\/\/mb-advogados.pt\/o-alojamento-local-em-portugal-parte-1\/#primaryimage"},"thumbnailUrl":"https:\/\/i0.wp.com\/mb-advogados.pt\/wp\/wp-content\/uploads\/2023\/07\/al.jpg?fit=1347%2C895&ssl=1","datePublished":"2023-07-18T11:47:32+00:00","dateModified":"2023-07-18T11:49:21+00:00","author":{"@id":"https:\/\/mb-advogados.pt\/#\/schema\/person\/684c6dc031076c9f86ac80d18f403cd8"},"breadcrumb":{"@id":"https:\/\/mb-advogados.pt\/o-alojamento-local-em-portugal-parte-1\/#breadcrumb"},"inLanguage":"en-GB","potentialAction":[{"@type":"ReadAction","target":["https:\/\/mb-advogados.pt\/o-alojamento-local-em-portugal-parte-1\/"]}]},{"@type":"ImageObject","inLanguage":"en-GB","@id":"https:\/\/mb-advogados.pt\/o-alojamento-local-em-portugal-parte-1\/#primaryimage","url":"https:\/\/i0.wp.com\/mb-advogados.pt\/wp\/wp-content\/uploads\/2023\/07\/al.jpg?fit=1347%2C895&ssl=1","contentUrl":"https:\/\/i0.wp.com\/mb-advogados.pt\/wp\/wp-content\/uploads\/2023\/07\/al.jpg?fit=1347%2C895&ssl=1","width":1347,"height":895,"caption":"Alojamento Local"},{"@type":"BreadcrumbList","@id":"https:\/\/mb-advogados.pt\/o-alojamento-local-em-portugal-parte-1\/#breadcrumb","itemListElement":[{"@type":"ListItem","position":1,"name":"In\u00edcio","item":"https:\/\/mb-advogados.pt\/"},{"@type":"ListItem","position":2,"name":"O Alojamento Local em Portugal (Parte 1)"}]},{"@type":"WebSite","@id":"https:\/\/mb-advogados.pt\/#website","url":"https:\/\/mb-advogados.pt\/","name":"M|B Advogados","description":"Escrit\u00f3rio de Advogados no Funchal","potentialAction":[{"@type":"SearchAction","target":{"@type":"EntryPoint","urlTemplate":"https:\/\/mb-advogados.pt\/?s={search_term_string}"},"query-input":{"@type":"PropertyValueSpecification","valueRequired":true,"valueName":"search_term_string"}}],"inLanguage":"en-GB"},{"@type":"Person","@id":"https:\/\/mb-advogados.pt\/#\/schema\/person\/684c6dc031076c9f86ac80d18f403cd8","name":"MB Advogados","image":{"@type":"ImageObject","inLanguage":"en-GB","@id":"https:\/\/mb-advogados.pt\/#\/schema\/person\/image\/","url":"https:\/\/secure.gravatar.com\/avatar\/ce31d1ea6e90489c6820dde6ff0e5944?s=96&d=mm&r=g","contentUrl":"https:\/\/secure.gravatar.com\/avatar\/ce31d1ea6e90489c6820dde6ff0e5944?s=96&d=mm&r=g","caption":"MB Advogados"}}]}},"jetpack_sharing_enabled":true,"jetpack_featured_media_url":"https:\/\/i0.wp.com\/mb-advogados.pt\/wp\/wp-content\/uploads\/2023\/07\/al.jpg?fit=1347%2C895&ssl=1","_links":{"self":[{"href":"https:\/\/mb-advogados.pt\/en\/wp-json\/wp\/v2\/posts\/1027","targetHints":{"allow":["GET"]}}],"collection":[{"href":"https:\/\/mb-advogados.pt\/en\/wp-json\/wp\/v2\/posts"}],"about":[{"href":"https:\/\/mb-advogados.pt\/en\/wp-json\/wp\/v2\/types\/post"}],"author":[{"embeddable":true,"href":"https:\/\/mb-advogados.pt\/en\/wp-json\/wp\/v2\/users\/2"}],"replies":[{"embeddable":true,"href":"https:\/\/mb-advogados.pt\/en\/wp-json\/wp\/v2\/comments?post=1027"}],"version-history":[{"count":2,"href":"https:\/\/mb-advogados.pt\/en\/wp-json\/wp\/v2\/posts\/1027\/revisions"}],"predecessor-version":[{"id":1032,"href":"https:\/\/mb-advogados.pt\/en\/wp-json\/wp\/v2\/posts\/1027\/revisions\/1032"}],"wp:featuredmedia":[{"embeddable":true,"href":"https:\/\/mb-advogados.pt\/en\/wp-json\/wp\/v2\/media\/1031"}],"wp:attachment":[{"href":"https:\/\/mb-advogados.pt\/en\/wp-json\/wp\/v2\/media?parent=1027"}],"wp:term":[{"taxonomy":"category","embeddable":true,"href":"https:\/\/mb-advogados.pt\/en\/wp-json\/wp\/v2\/categories?post=1027"},{"taxonomy":"post_tag","embeddable":true,"href":"https:\/\/mb-advogados.pt\/en\/wp-json\/wp\/v2\/tags?post=1027"}],"curies":[{"name":"wp","href":"https:\/\/api.w.org\/{rel}","templated":true}]}}